{"id":5661015,"date":"2020-10-29T14:42:31","date_gmt":"2020-10-29T14:42:31","guid":{"rendered":"https:\/\/norebro.clbthemes.com\/demo17\/?p=37"},"modified":"2020-12-31T11:12:02","modified_gmt":"2020-12-31T11:12:02","slug":"come-ti-confeziono-una-fake-news","status":"publish","type":"post","link":"https:\/\/www.donegidio.it\/index.php\/2020\/10\/29\/come-ti-confeziono-una-fake-news\/","title":{"rendered":"Come ti confeziono una fake news"},"content":{"rendered":"<section class=\"wpb-content-wrapper\">[vc_row][vc_column]<div class=\"norebro-heading-sc heading text-left\"\n\tid=\"norebro-custom-69f490da918dd\" \n\t \n\t>\n\t\n\t\n\t\n\t<h3 class=\"title\">\n\t\tCOME TI CONFEZIONO UNA FAKE NEWS<br>\nPapa Francesco e unioni civili: una tempesta in un bicchier d\u2019acqua\t<\/h3>\n\n\t\t\t<div class=\"divider\"><\/div>\n\t\n\t\t\t<p class=\"subtitle\">\n\t\t\t29 Ottobre 2020\t\t<\/p>\n\t\t\n<\/div>[vc_empty_space height=&#8221;25px&#8221;]<div class=\"norebro-text-sc \" \n\tid=\"norebro-custom-69f490da919d2\" \n\t \n\t>\n\n\t<p>Grande scalpore hanno fatto nei giorni scorsi le presunte aperture di Papa Francesco sulle unioni civili. Titoloni di giornali che hanno creato molta confusione nei lettori e nei fedeli. I media, sempre alla ricerca di scoop e di notizie sensazionali, prendendo lo spunto dalla uscita del documentario Francesco del regista Evgeny Afineevsky, presentato il 21 ottobre al Festival del film di Roma, \u201csono andati a nozze\u201d creando una tempesta in un bicchier d\u2019acqua. Perch\u00e9 in realt\u00e0 il Papa non ha detto nulla di nuovo che gi\u00e0 non avesse dichiarato in passato.<\/p>\n<p>Nel documentario Francesco, che dura quasi due ore, il regista analizza il pensiero del Pontefice sui temi pi\u00f9 scottanti della societ\u00e0: dal cambiamento climatico al razzismo, dagli abusi sessuali nella chiesa alle migrazioni. Le immagini raccontano l\u2019impegno del Papa sui temi come la pace e l\u2019unit\u00e0, il superamento dei muri e dei conflitti, la tutela dell\u2019ambiente e l\u2019ecologia, la lotta alla povert\u00e0. Se mai l\u2019apertura del Papa \u00e8 per una legge che regoli le unioni civili, le quali per\u00f2 sono cosa ben diversa dal matrimonio.<\/p>\n<p>Gi\u00e0 nel 2014 in una intervista al Corriere della Sera il Papa disse: \u201cGli Stati laici vogliono giustificare le unioni civili per regolare diverse situazioni di convivenza, spinti dall\u2019esigenza di regolare aspetti economici tra le persone. Si tratta di patti di convivenza di varia natura, di cui non saprei dire le diverse forme\u201d. Ma specific\u00f2: \u201cChiamiamo le cose con il loro nome: il matrimonio \u00e8 tra un uomo e una donna. Chiamiamo invece l\u2019unione tra persone dello stesso sesso unione civile\u201d.<\/p>\n<p>Dunque, perch\u00e9 tanto clamore? L\u2019agenzia Redattore Sociale ha eseguito un\u2019interessante operazione di analisi dello \u201cscoop\u201d sulla posizione del Papa (per la lettura completa vedi il sito dell\u2019agenzia stessa) dalla quale risulta che le cose sono andate in questo modo. Un tempo c\u2019erano solo le encicliche, testo ufficiale visto e rivisto. Difficile equivocarne il senso. Oggi invece, con il mondo che \u00e8 cambiato, il Papa rilascia talvolta delle interviste. Accade per\u00f2 che non sempre il risultato sia una traduzione genuina o una comprensione completa. La notizia poi finisce sui giornali, riassunta in poche parole, riferite magari fuori dal contesto in cui sono state pronunciate, ed ecco il risultato.<\/p>\n<p>Ecco allora i venti secondi di cui tutti parlano, nell\u2019estratto dal documentario Francesco, che \u00e8 stato diffuso di mezzi di informazione: <a href=\"https:\/\/youtu.be\/X_9aVWcy4Fs\">https:\/\/youtu.be\/X_9aVWcy4Fs<\/a>. La notizia sta tutta in poche parole del Papa, riportate poi da media in questi termini:\u201dLe persone omosessuali hanno il diritto di essere in una famiglia. Sono figli di Dio e hanno diritto a un famiglia. Nessuno dovrebbe essere estromesso o reso infelice per questo. Ci\u00f2 che dobbiamo creare \u00e8 una legge sulle unioni civili. In questo modo sono coperti legalmente. Mi sono battuto per questo\u201d.<\/p>\n<p>Sulla carta parrebbe chiarissimo. Ma il fatto \u00e8 che le frasi riportate non sono consecutive, ma sono state pronunciate dal Papa in momenti diversi e, quel che pi\u00f9 conta, con riferimento a situazioni differenti. Dapprima nell\u2019intervista, gi\u00e0 resa pubblica nel maggio 2019, il Papa sta parlando del diritto di stare in famiglia, argomentando che ogni padre e ogni madre deve mostrare accoglienza e amore ad ogni figlio. Un tema legato alla difficolt\u00e0 che alcuni genitori vivono nell\u2019accettazione di un figlio che confida loro la propria omosessualit\u00e0 o pi\u00f9 in generale ha a che fare con il rapporto affettivo che lega un figlio o una figlia al proprio partner. Usare quelle parole con riferimento alle unioni civili \u00e8 ci\u00f2 che un giornalista o un regista non dovrebbe fare. Perch\u00e9, detto cos\u00ec, \u00e8 semplicemente un falso. E\u2019 chiaro, le parole del Papa sono un segnale dell\u2019approccio dialogante, aperto, pastorale che egli ha e in questi termini il loro utilizzo all\u2019interno del documentario \u00e8 sensato ma non se l\u2019intenzione \u00e8 quella di far dire al Papa qualcosa che sulle unioni civili non ha detto. Resta il fatto che il \u201cS\u00ec del Papa alle unioni civili\u201d \u00e8 diventato la notizia del giorno, con buona pace delle regole del buon giornalismo e senza dimenticare le strumentalizzazioni della politica italiana, considerato che alla Camera si discute la legge nota come ddl Zan.<\/p>\n<p>In mezzo a tanto marasma per\u00f2 in tanti sono andati a riprendere i testi scritti, quelli che nero su bianco restituiscono un quadro pi\u00f9 chiaro. Il pi\u00f9 citato \u00e8 Amoris Laetitia, l\u2019esortazione apostolica firmata da papa Francesco nel 2016. In esso viene da un lato viene ribadito che \u201cogni persona, indipendentemente dal proprio orientamento sessuale, va rispettata nella sua dignit\u00e0 e accolta con rispetto, con cura di evitare ogni ingiusta discriminazione\u201d e dall\u2019altro viene precisato che \u201cnon esiste fondamento alcuno per assimilare le unioni omosessuali e il disegno di Dio sul matrimonio e la famiglia\u201d.<\/p>\n\t\n<\/div>[vc_empty_space height=&#8221;25px&#8221;][\/vc_column][\/vc_row]\n<\/section>","protected":false},"excerpt":{"rendered":"<p>[vc_row][vc_column][vc_empty_space height=&#8221;25px&#8221;][vc_empty_space height=&#8221;25px&#8221;][\/vc_column][\/vc_row]<\/p>\n","protected":false},"author":2,"featured_media":0,"comment_status":"closed","ping_status":"closed","sticky":false,"template":"","format":"standard","meta":{"footnotes":""},"categories":[22],"tags":[11,23,12,14,13,15],"class_list":["post-5661015","post","type-post","status-publish","format-standard","hentry","category-articoli-2020","tag-articoli","tag-articoli-2020","tag-don-egidio","tag-fake-news","tag-papa-francesco","tag-unioni-civili"],"_links":{"self":[{"href":"https:\/\/www.donegidio.it\/index.php\/wp-json\/wp\/v2\/posts\/5661015","targetHints":{"allow":["GET"]}}],"collection":[{"href":"https:\/\/www.donegidio.it\/index.php\/wp-json\/wp\/v2\/posts"}],"about":[{"href":"https:\/\/www.donegidio.it\/index.php\/wp-json\/wp\/v2\/types\/post"}],"author":[{"embeddable":true,"href":"https:\/\/www.donegidio.it\/index.php\/wp-json\/wp\/v2\/users\/2"}],"replies":[{"embeddable":true,"href":"https:\/\/www.donegidio.it\/index.php\/wp-json\/wp\/v2\/comments?post=5661015"}],"version-history":[{"count":12,"href":"https:\/\/www.donegidio.it\/index.php\/wp-json\/wp\/v2\/posts\/5661015\/revisions"}],"predecessor-version":[{"id":5661479,"href":"https:\/\/www.donegidio.it\/index.php\/wp-json\/wp\/v2\/posts\/5661015\/revisions\/5661479"}],"wp:attachment":[{"href":"https:\/\/www.donegidio.it\/index.php\/wp-json\/wp\/v2\/media?parent=5661015"}],"wp:term":[{"taxonomy":"category","embeddable":true,"href":"https:\/\/www.donegidio.it\/index.php\/wp-json\/wp\/v2\/categories?post=5661015"},{"taxonomy":"post_tag","embeddable":true,"href":"https:\/\/www.donegidio.it\/index.php\/wp-json\/wp\/v2\/tags?post=5661015"}],"curies":[{"name":"wp","href":"https:\/\/api.w.org\/{rel}","templated":true}]}}