{"id":5661204,"date":"2020-06-18T06:22:19","date_gmt":"2020-06-18T06:22:19","guid":{"rendered":"http:\/\/www.donegidio.it\/?p=5661204"},"modified":"2020-12-31T11:13:57","modified_gmt":"2020-12-31T11:13:57","slug":"lamerica-brucia-tutto-gia-visto","status":"publish","type":"post","link":"https:\/\/www.donegidio.it\/index.php\/2020\/06\/18\/lamerica-brucia-tutto-gia-visto\/","title":{"rendered":"L\u2019America brucia: tutto gi\u00e0 visto"},"content":{"rendered":"<section class=\"wpb-content-wrapper\">[vc_row][vc_column]<div class=\"norebro-heading-sc heading text-left\"\n\tid=\"norebro-custom-69f49340db7ea\" \n\t \n\t>\n\t\n\t\n\t\n\t<h3 class=\"title\">\n\t\tL'AMERICA BRUCIA: TUTTO GIA' VISTO <\/br>\nLa memoria ci ricorda che questa nazione ha una lunga storia di democrazia ma anche di crepe e misfatti\t<\/h3>\n\n\t\t\t<div class=\"divider\"><\/div>\n\t\n\t\t\t<p class=\"subtitle\">\n\t\t\t18 Giugno 2020\t\t<\/p>\n\t\t\n<\/div>[vc_empty_space height=&#8221;25px&#8221;]<div class=\"norebro-text-sc \" \n\tid=\"norebro-custom-69f49340db8d9\" \n\t \n\t>\n\n\t<p>Tutta l\u2019America brucia. Non \u00e8 bastata l\u2019incriminazione dei responsabili per l\u2019omicidio dell\u2019afroamericano George Floyd a placare la rabbia dei manifestanti, che hanno invaso le strade non solo a Minneapolis ma in tutto il Paese. Il presidente Trump, dopo essersi dichiarato paladino dei manifestanti pacifici, li ha fatti sgombrare dai pressi della Casa Bianca con i lacrimogeni. Avrebbe anche voluto l\u2019intervento dell\u2019esercito dicendo che sono soltanto \u201cgruppi organizzati\u201d; fosse per lui, le proteste verrebbero represse per ristabilire l\u2019ordine, lungi dall\u2019idea che alle radici di questa rabbia ci siano problemi seri da risolvere. Ma la rivolta non \u00e8 questione di ordine pubblico, \u00e8 il riflesso della divisione socio-razziale negli Stati Uniti. George Floyd non \u00e8 la prima vittima della violenza gratuita di poliziotti americani. Il pestaggio di Rodney King, che si risolse con l\u2019assoluzione degli agenti incriminati, provoc\u00f2 nel \u201992 proteste di massa a Los Angeles ed oltre 50 morti. Questa volta per\u00f2, con un\u2019ondata che si \u00e8 estesa praticamente su tutto il territorio degli Stati Uniti, il quadro \u00e8 diverso. E l\u2019America si riscopre democrazia debole e incompiuta.<\/p>\n<p>\u201cStop the pain &#8211; fermate la sofferenza\u201d \u00e8 l\u2019appello lanciato da Philonise Floyd, fratello di George, alla Camera dei deputati di Washington. \u201cSiamo nel 2020, \u00e8 l\u2019ora di dire basta. Tutti quelli che protestano nelle strade ve lo dicono: basta\u201d. Una rivoluzione culturale sembra soffiare da un capo all\u2019altro degli Stati Uniti. Un dato significativo \u00e8 la crescita costante della partecipazione dei bianchi, soprattutto giovani. Dicono i sondaggi: la consapevolezza delle ingiustizie razziali e delle discriminazioni da parte della polizia \u00e8 aumentata fino a raccogliere il 71% dei bianchi (il livello \u00e8 aumentato del 25% in cinque anni). Le voci che si levano per chiedere giustizia ed una effettiva parit\u00e0 sono tantissime. Se le proteste si trasformeranno in azione politica, se neri e giovani andranno a votare compatti, qualcosa certo potr\u00e0 evolvere. Intanto si attende la sentenza del tribunale per i poliziotti coinvolti. Per ora al licenziamento \u00e8 seguita l\u2019incriminazione ma una condanna lieve o peggio una assoluzione scatenerebbe altre proteste.<\/p>\n<p>Nel 2009 l\u2019elezione di Barack Obama aveva dato l\u2018illusione che il cammino cominciato da Martin Luther King mezzo secolo fa fosse giunto alla meta.<\/p>\n<p>Il mondo aveva inneggiato al primo presidente per met\u00e0 africano della storia americana, simbolo della felice integrazione dei neri. Non \u00e8 cos\u00ec e Trump ne \u00e8 l\u2019espressione. Il caos attuale sar\u00e0 sedato, ma le conseguenze del caso Floyd dureranno, perch\u00e9 non fu omicidio casuale. \u201cTrump \u2013 ha detto l\u2019ex capo del Pentagono Jim Mattis \u2013 \u00e8 il primo presidente degli Stati Uniti che non cerca di unire il popolo americano, n\u00e9 finge di provarci. Al contrario, ci divide\u201d. Sarebbe per\u00f2 ingenuo pensare che, passato Trump, tutto sar\u00e0 risolto. Dovremo ancora convivere con questa tabe ereditaria, da cui ebbe origine la guerra civile (1861-1865) di fatto rifondatrice degli Stati Uniti d\u2019America su una base unitaria.<\/p>\n<p>Dopo i fatti di questi giorni pare ovvio affermare che l\u2019America, un tempo guida dell\u2019Occidente, ha toccato il fondo. La storia per\u00f2 ci obbliga a ricordare che tutto \u00e8 un film gi\u00e0 visto. Ero giovane quando vennero uccisi Martin Luther King, John e Robert Kennedy. Gli adulti dicevano che il sogno di un\u2019America giovane e idealista si era spento nel sangue. Ero giovane quando le piazze del mondo gridavano \u201cYanke go Home\u201d contro la guerra ingiusta in Vietnam e le proteste dei pacifisti incrociavano la denuncia del razzismo contro i neri. Pi\u00f9 tardi lo scandalo del Watergate, che costrinse Nixon alle dimissioni, sembr\u00f2 l\u2019agonia di una democrazia corrotta; Reagan fu visto nel mondo come un cowboy anticomunista; molto prima di Trump gi\u00e0 Bush abbandon\u00f2 il trattato di Kyoto sul clima, favor\u00ec l\u2019industria del petrolio, poi l\u2019invasione dell\u2019Iraq, giustificata con una bugia. Arroganza, prepotenza, unilateralismo: \u00e8 gi\u00e0 tutto accaduto.<\/p>\n<p>Infine per\u00f2 bisogna fare una constatazione, come consolazione: l\u2019Occidente pratica l\u2019autocritica, sconosciuta in altre parti del mondo.<\/p>\n\t\n<\/div>[vc_empty_space height=&#8221;25px&#8221;][\/vc_column][\/vc_row]\n<\/section>","protected":false},"excerpt":{"rendered":"<p>[vc_row][vc_column][vc_empty_space height=&#8221;25px&#8221;][vc_empty_space height=&#8221;25px&#8221;][\/vc_column][\/vc_row]<\/p>\n","protected":false},"author":2,"featured_media":0,"comment_status":"closed","ping_status":"closed","sticky":false,"template":"","format":"standard","meta":{"footnotes":""},"categories":[22],"tags":[19,11,23,20,12,21],"class_list":["post-5661204","post","type-post","status-publish","format-standard","hentry","category-articoli-2020","tag-america","tag-articoli","tag-articoli-2020","tag-democrazia","tag-don-egidio","tag-george-floyd"],"_links":{"self":[{"href":"https:\/\/www.donegidio.it\/index.php\/wp-json\/wp\/v2\/posts\/5661204","targetHints":{"allow":["GET"]}}],"collection":[{"href":"https:\/\/www.donegidio.it\/index.php\/wp-json\/wp\/v2\/posts"}],"about":[{"href":"https:\/\/www.donegidio.it\/index.php\/wp-json\/wp\/v2\/types\/post"}],"author":[{"embeddable":true,"href":"https:\/\/www.donegidio.it\/index.php\/wp-json\/wp\/v2\/users\/2"}],"replies":[{"embeddable":true,"href":"https:\/\/www.donegidio.it\/index.php\/wp-json\/wp\/v2\/comments?post=5661204"}],"version-history":[{"count":2,"href":"https:\/\/www.donegidio.it\/index.php\/wp-json\/wp\/v2\/posts\/5661204\/revisions"}],"predecessor-version":[{"id":5661482,"href":"https:\/\/www.donegidio.it\/index.php\/wp-json\/wp\/v2\/posts\/5661204\/revisions\/5661482"}],"wp:attachment":[{"href":"https:\/\/www.donegidio.it\/index.php\/wp-json\/wp\/v2\/media?parent=5661204"}],"wp:term":[{"taxonomy":"category","embeddable":true,"href":"https:\/\/www.donegidio.it\/index.php\/wp-json\/wp\/v2\/categories?post=5661204"},{"taxonomy":"post_tag","embeddable":true,"href":"https:\/\/www.donegidio.it\/index.php\/wp-json\/wp\/v2\/tags?post=5661204"}],"curies":[{"name":"wp","href":"https:\/\/api.w.org\/{rel}","templated":true}]}}