{"id":5661223,"date":"2019-10-10T07:57:46","date_gmt":"2019-10-10T07:57:46","guid":{"rendered":"http:\/\/www.donegidio.it\/?p=5661223"},"modified":"2020-12-31T11:15:48","modified_gmt":"2020-12-31T11:15:48","slug":"eutanasia-necessaria-una-legge-giusta","status":"publish","type":"post","link":"https:\/\/www.donegidio.it\/index.php\/2019\/10\/10\/eutanasia-necessaria-una-legge-giusta\/","title":{"rendered":"Eutanasia, necessaria una legge giusta"},"content":{"rendered":"<section class=\"wpb-content-wrapper\">[vc_row][vc_column]<div class=\"norebro-heading-sc heading text-left\"\n\tid=\"norebro-custom-69f438b885d9a\" \n\t \n\t>\n\t\n\t\n\t\n\t<h3 class=\"title\">\n\t\tEUTANASIA, NECESSARIA UNA LEGGE GIUSTA<\/br>\t<\/h3>\n\n\t\t\t<div class=\"divider\"><\/div>\n\t\n\t\t\t<p class=\"subtitle\">\n\t\t\t10 Ottobre 2019\t\t<\/p>\n\t\t\n<\/div>[vc_empty_space height=&#8221;25px&#8221;]<div class=\"norebro-text-sc \" \n\tid=\"norebro-custom-69f438b885e8b\" \n\t \n\t>\n\n\t<p><strong>La Corte Costituzionale ritiene non punibile l\u2019aiuto dato a chi da malato cronico si \u00e8 fatto portare all\u2019estero per farsi fare l\u2019eutanasia<\/strong><\/p>\n<p>Sentenza storica, quella della Consulta italiana che, giorni fa, ha deciso di non punire chi \u201cagevola l&#8217;esecuzione del proposito di suicidio di un paziente affetto da una patologia irreversibile, fonte di sofferenze fisiche e psicologiche che egli reputa intollerabili ma pienamente capace di prendere decisioni libere e consapevoli&#8221;. Disposizione che fa ritenere \u201cnon punibile\u201d il radicale Marco Cappato il quale aveva acconsentito ad accompagnare in Svizzera per l\u2019eutanasia il cieco e tetraplegico Fabiano Antoniani che non voleva pi\u00f9 vivere nelle sue condizioni. Aiuto cui, in Italia ove ci\u00f2 non \u00e8 consentito, il codice penale prevede 5 o 12 anni di carcere.<\/p>\n<p>Decisione della Corte Costituzionale, &#8220;subordinata&#8221; agli articoli 1 e 2 della legge del 2017 che \u201ctutela il diritto alla vita, alla salute, alla dignit\u00e0 e all\u2019autode-terminazione della persona e stabilisce che nessun trattamento sanitario pu\u00f2 essere iniziato o proseguito se privo del consenso libero e informato della persona interessata, tranne che nei casi espressamente previsti dalla legge\u201d.<\/p>\n<p>Il decreto giuridico, che &#8220;agevola l&#8217;esecuzione del proposito di suicidio, autonomamente e liberamente formatosi, di un paziente tenuto in vita da trattamenti di sostegno vitale e affetto da una patologia irreversibile\u201d, non ha valore di legge; quindi, per entrare in vigore, deve essere approvato dal Parlamento al quale \u00e9 stato trasmesso. Suscitando approvazioni e critiche dei Deputati e Senatori, nonch\u00e9 degli Italiani. Favorevoli o contrari, indipendentemente dal partito cui appartengono o per il quale votano. In effetti, a spingere al \u201cno\u201d \u00e8 il sentimento religioso che riconosce solo a Dio il potere di dare o togliere la vita agli esseri umani.<br \/>\nSta di fatto che, arrivata al Parlamento la decisione della Consulta, si sono dichiarati favorevoli i deputati e i senatori dei PD e dei 5S, molti dei quali hanno giustificato il loro parere basato sui dati Istat secondo i quali il 93% degli Italiani \u00e8 propenso all\u2019interruzione delle cure mediche e all\u2019eutanasia, quando la malattia di cui soffrono \u00e8 incurabile e comporta molti dolori. Per cui, \u201clo Stato deve garantire la dignit\u00e0 della vita non la dignit\u00e0 del morire\u201d, come espresso da Mariapia Garavaglia, ex ministro della Salute e membro del Comitato nazionale di Bioetica. Sul tema \u00e8 necessaria, secondo la presidente dei senatori di Forza Italia, Alessandra Bernini, \u201cuna soluzione equilibrata, ed \u00e8 dovere preciso delle forze politiche, considerare la questione come assolutamente prioritaria&#8221;. Ma non favorevole, come espresso dal prof. Alberto Gambino, presidente di Scienza &amp; Vita (Cei) e prorettore dell&#8217;Universit\u00e0 Europea di Roma, secondo il quale la Corte costituzionale &#8220;cede ad una visione utilitaristica della vita umana ribaltando la lettura dell&#8217;articolo 2 della nostra Carta che mette al centro la persona umana e non la sua mera volont\u00e0, richiedendo a tutti i consociati doveri inderogabili di solidariet\u00e0: da oggi non sar\u00e0 pi\u00f9 un dovere sociale impedire sempre e ovunque l&#8217;uccisione di un essere umano&#8221;.<br \/>\nA ripetere il no all\u2019eutanasia, distinguendola dall\u2019accanimento terapeutico, che afferma \u201c\u00e8 cosa ben diversa\u201d, \u00e8 Papa Francesco, convinto che di debba \u201crespingere la tentazione di usare la medicina per assecondare una possibile volont\u00e0 di morte del malato, fornendo assistenza al suicidio, causandone direttamente l\u2019eutanasia\u201d.<br \/>\nGiudizio, il suo, che coincide con quella del Cardinale Bassetti, secondo il quale \u201cnon esiste un diritto alla morte\u201d. Il credente infatti sa che la morte, come la vita, dipende solo dalla volont\u00e0 del Padreterno e spera che il Parlamento si renda conto di ci\u00f2 e, di conseguenza, non approvi l\u2019eutanasia ed assicuri agli operatori sanitari la libert\u00e0 di scelta. Perch\u00e9 lo Stato deve garantire la dignit\u00e0 della vita non la dignit\u00e0 del morire.<\/p>\n<p>Ci\u00f2 ha fatto dire a qualcuno: \u201cCattolici, smettetela di fare pena con le vostre teorie che voi definite sacre\u201d. Ma questo rende veritiera la \u201cderiva anticristiana che affligge il nostro Paese\u201d, come ha scritto giorni fa su Il Giornale Gian Micalessi. Abbandono che fa auspicare l&#8217;eutanasia, cio\u00e8 la scelta della morte che avanza soprattutto nelle societ\u00e0 del benessere, ponendo cos\u00ec fine alla vita propria o altrui. Decisione che, in realt\u00e0, pu\u00f2 sembrare logica ed umana, ma che, invece, \u00e8 assurda e disumana. Eutanasia e suicidio assistito non \u00e8 mai dignitoso.<\/p>\n\t\n<\/div>[vc_empty_space height=&#8221;25px&#8221;][\/vc_column][\/vc_row]\n<\/section>","protected":false},"excerpt":{"rendered":"<p>[vc_row][vc_column][vc_empty_space height=&#8221;25px&#8221;][vc_empty_space height=&#8221;25px&#8221;][\/vc_column][\/vc_row]<\/p>\n","protected":false},"author":2,"featured_media":0,"comment_status":"closed","ping_status":"closed","sticky":false,"template":"","format":"standard","meta":{"footnotes":""},"categories":[34],"tags":[11,35,12,36,37],"class_list":["post-5661223","post","type-post","status-publish","format-standard","hentry","category-articoli-2019","tag-articoli","tag-articoli-2019","tag-don-egidio","tag-eutanasia","tag-legge"],"_links":{"self":[{"href":"https:\/\/www.donegidio.it\/index.php\/wp-json\/wp\/v2\/posts\/5661223","targetHints":{"allow":["GET"]}}],"collection":[{"href":"https:\/\/www.donegidio.it\/index.php\/wp-json\/wp\/v2\/posts"}],"about":[{"href":"https:\/\/www.donegidio.it\/index.php\/wp-json\/wp\/v2\/types\/post"}],"author":[{"embeddable":true,"href":"https:\/\/www.donegidio.it\/index.php\/wp-json\/wp\/v2\/users\/2"}],"replies":[{"embeddable":true,"href":"https:\/\/www.donegidio.it\/index.php\/wp-json\/wp\/v2\/comments?post=5661223"}],"version-history":[{"count":2,"href":"https:\/\/www.donegidio.it\/index.php\/wp-json\/wp\/v2\/posts\/5661223\/revisions"}],"predecessor-version":[{"id":5661487,"href":"https:\/\/www.donegidio.it\/index.php\/wp-json\/wp\/v2\/posts\/5661223\/revisions\/5661487"}],"wp:attachment":[{"href":"https:\/\/www.donegidio.it\/index.php\/wp-json\/wp\/v2\/media?parent=5661223"}],"wp:term":[{"taxonomy":"category","embeddable":true,"href":"https:\/\/www.donegidio.it\/index.php\/wp-json\/wp\/v2\/categories?post=5661223"},{"taxonomy":"post_tag","embeddable":true,"href":"https:\/\/www.donegidio.it\/index.php\/wp-json\/wp\/v2\/tags?post=5661223"}],"curies":[{"name":"wp","href":"https:\/\/api.w.org\/{rel}","templated":true}]}}