{"id":5661521,"date":"2020-04-19T08:15:14","date_gmt":"2020-04-19T08:15:14","guid":{"rendered":"https:\/\/www.donegidio.it\/?p=5661521"},"modified":"2021-01-03T10:01:20","modified_gmt":"2021-01-03T10:01:20","slug":"cosa-faremo-e-come-saremo-seconda-domenica-dopo-pasqua","status":"publish","type":"post","link":"https:\/\/www.donegidio.it\/index.php\/2020\/04\/19\/cosa-faremo-e-come-saremo-seconda-domenica-dopo-pasqua\/","title":{"rendered":"Cosa faremo e come saremo &#8211;  Seconda Domenica dopo Pasqua"},"content":{"rendered":"<section class=\"wpb-content-wrapper\">[vc_row][vc_column]<div class=\"norebro-heading-sc heading text-left\"\n\tid=\"norebro-custom-69f3368c44092\" \n\t \n\t>\n\t\n\t\n\t\n\t<h3 class=\"title\">\n\t\tCOSA FAREMO E COME SAREMO -  SECONDA DOMENICA DI PASQUA<\/br>\nOtto giorni dopo i discepoli erano di nuovo in casa e c\u2019era con loro anche Tommaso. Venne Ges\u00f9, a porte chiuse, stette in mezzo e disse: \u201cPace a voi\u201d. Poi disse a Tommaso: \u201cMetti qui il tuo dito e guarda le mie mani, tendi la tua mano e mettila nel mio fianco e non essere incredulo ma credente\u201d. Gli rispose Tommaso: \u201cMio Signore e mio Dio\u201d. Ges\u00f9 gli disse: \u201cPerch\u00e9 mi hai veduto, tu hai creduto; beati quelli che pur non avendo visto crederanno\u201d. (Vangelo di Giovanni 20, 26-29)\t<\/h3>\n\n\t\t\t<div class=\"divider\"><\/div>\n\t\n\t\t\t<p class=\"subtitle\">\n\t\t\t19 Aprile 2020\t\t<\/p>\n\t\t\n<\/div>[vc_empty_space height=&#8221;25px&#8221;]<div class=\"norebro-text-sc \" \n\tid=\"norebro-custom-69f3368c4414a\" \n\t \n\t>\n\n\t<p>Tra \u201cquelli che non hanno visto\u201d e tuttavia sono invitati a credere siamo anche noi. L\u2019episodio di Tommaso ci riguarda, porta a interrogarci: credo io che Ges\u00f9 non \u00e8 un personaggio del passato, ma \u00e8 oggi e sempre il Salvatore, il Figlio di Dio che interpella me e mi dichiara beato se lo riconosco? Io non ho visto, non ho toccato; posso fidarmi, posso dirmi davvero cristiano malgrado i miei dubbi, le mie oscurit\u00e0, le mie infedelt\u00e0? Tali domande una persona ragionevole se le porta dentro per tutta la vita, perch\u00e9 la fede non \u00e8 la fisica o la matematica; oscilla, ora cresce ora cala, va in crisi di fronte alle ingiustizie, particolarmente di fronte alle prove della vita. Le giornate del coronavirus ci affaticano pi\u00f9 di quelle di prima, tanto da far pensare che non saremo pi\u00f9 gli stessi di prima, non solo dal punto di vista sociale e economico. Tuttavia questo periodo, che consideriamo un angusto tunnel privo di sbocchi visibili, pu\u00f2 fornire spunti da non sottovalutare: a cominciare dal pensiero non soltanto sul \u201ccosa faremo domani\u201d ma piuttosto \u201ccome saremo\u201d.<\/p>\n<p>Risurrezione dal dolore, contagio della Pasqua, forza della speranza, risveglio della coscienza, riscoperta della preghiera, ecco alcune delle indicazioni raccolte in questi giorni di smarrimento. Sono giorni del confronto interiore con la consapevolezza sempre pi\u00f9 evidente di una fragilit\u00e0 che si misura da s\u00e9. Ci stiamo chiedendo di tutto, da quando finir\u00e0 a quando ritroveremo noi stessi.<\/p>\n<p>La Pasqua, che abbiamo da poco celebrato, quest\u2019anno in modo molto insolito, ci ha portato luce e speranza, alleviando sofferenze e preoccupazioni, tonificando i cuori affranti dalla tempesta del virus assassino. Un momento di pausa dalla grande paura e di riflessione sull\u2019oggi terribile e sul domani non meno allarmante. Solo il Risorto spalanca novit\u00e0 di vita se lo invochiamo con fede affinch\u00e9 ci aiuti a sconfiggere il subdolo agguato di morte.<\/p>\n<p>Nel marasma perci\u00f2 appoggiamoci al contagio provvidenziale e taumaturgico della preghiera che, associata alla speranza, ci fa ritrovare motivi nuovi e pi\u00f9 vigorosi, da cristiani convinti, che non solo leggono bens\u00ec vivono il Vangelo e per i quali la Fede \u00e8 affidamento costante all\u2019Amore e alla volont\u00e0 di Dio. L\u2019importante \u00e8 affidarsi con fiducia come i bambini nella braccia del loro Pap\u00e0. Allora ciascuno pu\u00f2 elevare la preghiera: \u201cIo credo, Signore, ma Tu aumenta la mia fede\u201d.<\/p>\n\t\n<\/div>[vc_empty_space height=&#8221;25px&#8221;][\/vc_column][\/vc_row]\n<\/section>","protected":false},"excerpt":{"rendered":"<p>[vc_row][vc_column][vc_empty_space height=&#8221;25px&#8221;][vc_empty_space height=&#8221;25px&#8221;][\/vc_column][\/vc_row]<\/p>\n","protected":false},"author":2,"featured_media":0,"comment_status":"closed","ping_status":"closed","sticky":false,"template":"","format":"standard","meta":{"footnotes":""},"categories":[22],"tags":[11,23,12,91,89,90,92],"class_list":["post-5661521","post","type-post","status-publish","format-standard","hentry","category-articoli-2020","tag-articoli","tag-articoli-2020","tag-don-egidio","tag-fede","tag-pasqua","tag-pensieri-di-don-egidio","tag-preghiera"],"_links":{"self":[{"href":"https:\/\/www.donegidio.it\/index.php\/wp-json\/wp\/v2\/posts\/5661521","targetHints":{"allow":["GET"]}}],"collection":[{"href":"https:\/\/www.donegidio.it\/index.php\/wp-json\/wp\/v2\/posts"}],"about":[{"href":"https:\/\/www.donegidio.it\/index.php\/wp-json\/wp\/v2\/types\/post"}],"author":[{"embeddable":true,"href":"https:\/\/www.donegidio.it\/index.php\/wp-json\/wp\/v2\/users\/2"}],"replies":[{"embeddable":true,"href":"https:\/\/www.donegidio.it\/index.php\/wp-json\/wp\/v2\/comments?post=5661521"}],"version-history":[{"count":1,"href":"https:\/\/www.donegidio.it\/index.php\/wp-json\/wp\/v2\/posts\/5661521\/revisions"}],"predecessor-version":[{"id":5661522,"href":"https:\/\/www.donegidio.it\/index.php\/wp-json\/wp\/v2\/posts\/5661521\/revisions\/5661522"}],"wp:attachment":[{"href":"https:\/\/www.donegidio.it\/index.php\/wp-json\/wp\/v2\/media?parent=5661521"}],"wp:term":[{"taxonomy":"category","embeddable":true,"href":"https:\/\/www.donegidio.it\/index.php\/wp-json\/wp\/v2\/categories?post=5661521"},{"taxonomy":"post_tag","embeddable":true,"href":"https:\/\/www.donegidio.it\/index.php\/wp-json\/wp\/v2\/tags?post=5661521"}],"curies":[{"name":"wp","href":"https:\/\/api.w.org\/{rel}","templated":true}]}}