{"id":5661531,"date":"2020-04-05T09:55:11","date_gmt":"2020-04-05T09:55:11","guid":{"rendered":"https:\/\/www.donegidio.it\/?p=5661531"},"modified":"2021-01-03T10:01:36","modified_gmt":"2021-01-03T10:01:36","slug":"aspettando-la-pasqua-pensiero-per-la-settimana-santa","status":"publish","type":"post","link":"https:\/\/www.donegidio.it\/index.php\/2020\/04\/05\/aspettando-la-pasqua-pensiero-per-la-settimana-santa\/","title":{"rendered":"Aspettando la Pasqua \u2013 Pensiero per la Settimana Santa"},"content":{"rendered":"<section class=\"wpb-content-wrapper\">[vc_row][vc_column]<div class=\"norebro-heading-sc heading text-left\"\n\tid=\"norebro-custom-69f3352c1bc4a\" \n\t \n\t>\n\t\n\t\n\t\n\t<h3 class=\"title\">\n\t\tASPETTANDO LA PASQUA - PENSIERO PER LA SETTIMANA SANTA<\/br>\t<\/h3>\n\n\t\t\t<div class=\"divider\"><\/div>\n\t\n\t\t\t<p class=\"subtitle\">\n\t\t\t5 Aprile 2020\t\t<\/p>\n\t\t\n<\/div>[vc_empty_space height=&#8221;25px&#8221;]<div class=\"norebro-text-sc \" \n\tid=\"norebro-custom-69f3352c1bd31\" \n\t \n\t>\n\n\t<p>L\u2019eccezionalit\u00e0 del tempo che stiamo vivendo ci impedisce di fare ci\u00f2 a cui pi\u00f9 teniamo: la libert\u00e0 di movimento, la privazione degli affetti pi\u00f9 cari. Nell\u2019ottica della fede la celebrazione pi\u00f9 importante dell\u2019anno \u00e8 la Pasqua. Ma per la prima volta dopo duemila anni quest\u2019anno non si celebra con la presenza fisica dei fedeli: le Palme, la Settimana Santa, la Pasqua, momenti cos\u00ec importanti nella vita de cristiani, tutto \u00e8 annullato. La TV, \u00e8 vero, ci aiuta, permettendoci ad esempio di seguire i riti celebrati dal Papa, ma non \u00e8 la stessa cosa come partecipare di persona. Allora facciamo \u201cdi necessit\u00e0 virt\u00f9\u201d, almeno profittando della forzata rinuncia per riflettere e seguire i riti da casa.<\/p>\n<p>Per ora non ha senso ribellarsi, questo tempo \u00e8 grazia, almeno per chi sta bene, per stare in famiglia, condividendo sofferenze ed aspettative. E\u2019 grazia vivere in questi giorni che possono sembrarci disumani, mentre fuori imperversano morti e dolore diffuso. Sono giorni durissimi per tutti, anziani ma anche giovani e ragazzi, dove il tam tam dei rapporti sociali \u00e8 affidato non all\u2019incontro bens\u00ec al telefono, alla posta elettronica, alle chat, a Skype, alle tecnologie contemporanee. Ci restano ancora i giornali, la TV e la Radio. Non ci manca neppure l\u2019aiuto religioso. La preghiera si alterna alla partecipazione alle funzioni in TV, altrettanti momenti di conforto per lo spirito.<\/p>\n<p>Mi ha colpito, lasciando serenit\u00e0 nel cuore, quello che il vescovo Francesco Beschi ha detto all\u2019incontro di preghiera al cimitero di Bergamo, la citt\u00e0 dove i defunti, dato il numero inatteso, non riescono a trovare spazio per il riposo eterno. Ha parlato della preghiera come di grande gesto di amore e cos\u00ec ne ha proposto la forza e la bellezza: \u201cPreghiera del dolore nel cuore, che ha a cuore il dolore, che mette il dolore nel cuore di Dio\u201d. Non \u00e8 un bisticcio di parole, \u00e8 una riflessione profonda, attualissima, su cuore e dolore nella prospettiva cristiana. Preghiera come momento interiore di partecipazione alla sofferenza ed anche di fiducioso affidamento; non come magica soluzione (la magia \u00e8 altro che confidare in Dio) bens\u00ec come forza che aiuta e genera speranza. Dovremmo farci tutti pi\u00f9 consapevoli del valore della preghiera, specialmente in questo tempo di smarrimento e di panico.<\/p>\n<p>Da qui la supplica di Papa Francesco a Dio perch\u00e9 guardi alla nostra \u201cdolorosa condizione mentre la tempesta imperversa mortale e spaventosa\u201d e l\u2019invito \u201cSvegliati, Signore\u201d che inducono noi a una tristissima realt\u00e0 ma sollecitano speranza ma anche solidariet\u00e0. Le parole di Francesco sono un invito a \u201ccambiare rotta\u201d tornando a Dio e ai Valori. \u201cSe pensavamo di rimanere sempre sani in un mondo afflitto da guerre e da ingiustizie planetarie, ora \u00e8 tempo di non confidare in noi stessi ma bens\u00ec nel Signore, certi che Lui ha cura di noi e non ci lascia in balia della tempesta\u201d. Ricordando \u201cche nessuno si salva da solo\u201d bens\u00ec tutti insieme, passeggeri sulla stessa barca.<\/p>\n<p>Non siamo in guerra, come spesso viene detto in questi giorni, ma siamo in cura. Non solo i malati, ma il nostro pianeta, tutti noi siamo in cura. La guerra necessita di nemici, frontiere e trincee, armi e munizioni, di spie, inganni e menzogne, di spietatezza e denaro. La cura invece si nutre di solidariet\u00e0, compassione, umilt\u00e0, dignit\u00e0, delicatezza, tatto, ascolto, pazienza, perseveranza. Per questo tutti noi possiamo essere artefici di \u201ccura dell\u2019altro\u201d, del pianeta e di noi stessi con loro. Tutti, uomini e donne, di ogni o di nessun credo, ciascuno con le sue capacit\u00e0, competenze, principi ispiratori, forze fisiche o morali. Sono artefici di cura medici e scienziati, psicologi e insegnanti, servitori dello Stato e della comunit\u00e0, preti e vescovi, genitori e figli, amici e vicini di casa. Per questo la consapevolezza di essere in cura \u2013 e non in guerra \u2013 \u00e8 una condizione fondamentale anche per \u201cil dopo\u201d; il futuro sar\u00e0 segnato da ci\u00f2 che avremo imparato da questi giorni. Le guerre finiscono, la cura non finisce mai.<\/p>\n\t\n<\/div>[vc_empty_space height=&#8221;25px&#8221;][\/vc_column][\/vc_row]\n<\/section>","protected":false},"excerpt":{"rendered":"<p>[vc_row][vc_column][vc_empty_space height=&#8221;25px&#8221;][vc_empty_space height=&#8221;25px&#8221;][\/vc_column][\/vc_row]<\/p>\n","protected":false},"author":2,"featured_media":0,"comment_status":"closed","ping_status":"closed","sticky":false,"template":"","format":"standard","meta":{"footnotes":""},"categories":[22],"tags":[11,23,12,91,89,90,92],"class_list":["post-5661531","post","type-post","status-publish","format-standard","hentry","category-articoli-2020","tag-articoli","tag-articoli-2020","tag-don-egidio","tag-fede","tag-pasqua","tag-pensieri-di-don-egidio","tag-preghiera"],"_links":{"self":[{"href":"https:\/\/www.donegidio.it\/index.php\/wp-json\/wp\/v2\/posts\/5661531","targetHints":{"allow":["GET"]}}],"collection":[{"href":"https:\/\/www.donegidio.it\/index.php\/wp-json\/wp\/v2\/posts"}],"about":[{"href":"https:\/\/www.donegidio.it\/index.php\/wp-json\/wp\/v2\/types\/post"}],"author":[{"embeddable":true,"href":"https:\/\/www.donegidio.it\/index.php\/wp-json\/wp\/v2\/users\/2"}],"replies":[{"embeddable":true,"href":"https:\/\/www.donegidio.it\/index.php\/wp-json\/wp\/v2\/comments?post=5661531"}],"version-history":[{"count":1,"href":"https:\/\/www.donegidio.it\/index.php\/wp-json\/wp\/v2\/posts\/5661531\/revisions"}],"predecessor-version":[{"id":5661532,"href":"https:\/\/www.donegidio.it\/index.php\/wp-json\/wp\/v2\/posts\/5661531\/revisions\/5661532"}],"wp:attachment":[{"href":"https:\/\/www.donegidio.it\/index.php\/wp-json\/wp\/v2\/media?parent=5661531"}],"wp:term":[{"taxonomy":"category","embeddable":true,"href":"https:\/\/www.donegidio.it\/index.php\/wp-json\/wp\/v2\/categories?post=5661531"},{"taxonomy":"post_tag","embeddable":true,"href":"https:\/\/www.donegidio.it\/index.php\/wp-json\/wp\/v2\/tags?post=5661531"}],"curies":[{"name":"wp","href":"https:\/\/api.w.org\/{rel}","templated":true}]}}