{"id":5661533,"date":"2020-03-28T09:59:24","date_gmt":"2020-03-28T09:59:24","guid":{"rendered":"https:\/\/www.donegidio.it\/?p=5661533"},"modified":"2021-01-03T10:01:45","modified_gmt":"2021-01-03T10:01:45","slug":"aspettando-la-luce-secondo-pensiero-e-una-preghiera","status":"publish","type":"post","link":"https:\/\/www.donegidio.it\/index.php\/2020\/03\/28\/aspettando-la-luce-secondo-pensiero-e-una-preghiera\/","title":{"rendered":"Aspettando la luce \u2013 Secondo pensiero e una preghiera"},"content":{"rendered":"<section class=\"wpb-content-wrapper\">[vc_row][vc_column]<div class=\"norebro-heading-sc heading text-left\"\n\tid=\"norebro-custom-69f336eb7b398\" \n\t \n\t>\n\t\n\t\n\t\n\t<h3 class=\"title\">\n\t\tASPETTANDO LA LUCE \u2013 SECONDO PENSIERO E UNA PREGHIERA<\/br>\t<\/h3>\n\n\t\t\t<div class=\"divider\"><\/div>\n\t\n\t\t\t<p class=\"subtitle\">\n\t\t\t28 Marzo 2020\t\t<\/p>\n\t\t\n<\/div>[vc_empty_space height=&#8221;25px&#8221;]<div class=\"norebro-text-sc \" \n\tid=\"norebro-custom-69f336eb7b495\" \n\t \n\t>\n\n\t<p>Vi raggiungo con un pensiero, per non lasciarvi soli e per non sentirmi solo. Per\u00f2 io son qui al calduccio a leggere e scrivere, mentre altri sono in trincea 24 ore al giorno a combattere per la vita. Oggi nella mia agenda c\u2019\u00e8 scritto: sabato, battesimo di\u2026 poi Messa a St. Margrethen; domenica, Messa a Buchs, a Balgach, a Schaan, a Mels; a Schaan battesimo di\u2026 e nel pomeriggio visite ad alcune famiglie. Nella agenda della vita invece \u00e8 tutto annullato, sono qui a celebrare da solo, rivedo i vostri volti mentre Dio guarda il vostro cuore. Allora diciamogli grazie perch\u00e9 noi, almeno finora, viviamo in un\u2019isola felice. Dalla finestra il mio sguardo va alla primavera sbocciata nel giardino, quello del cuore arriva a voi e poi si espande sulla mia cara Bergamo, dove stanno morendo tante persone, anche miei amici e pure molti sacerdoti.<\/p>\n<p>Allora mi ritrovo, ci ritroviamo a riflettere, a chinare il capo sulla fragilit\u00e0 della vita e della storia umana. In tempi in cui l\u2019uomo rischia di ergersi a superuomo, nella sua supponenza scientifica, economica e tecnologica, ci scopriamo non solo fragili ma pure impotenti. La realt\u00e0 ci obbliga ad una umilt\u00e0 con dei segni che la natura stessa fa esplodere a dire che il mondo \u00e8 stupendo e nel contempo \u00e8 fragile ed il nostro progresso \u00e8 ambiguo, cio\u00e8 aperto al bene e al male. La globalizzazione economica porta ricchezza, ha fatto uscire dal sottosviluppo nazioni come la Cina e l\u2019India, ma produce anche la terribile conseguenza delle epidemie senza confini. Una volta i virus viaggiavano con le guerre, ora con la globalizzazione economica. Allora siamo chiamati a un bagno di umilt\u00e0 che apre a Dio con sguardo alla Provvidenza da invocare e al dono di Salvezza da accogliere. Il dramma ci fa sentire solidali, sulla stessa barca, in cerca di un porto sicuro tra le onde e le tempeste che tutti e in vari modi fa trepidare nella traversata della vita.<\/p>\n<p>Chiss\u00e0 che il dramma produca ripensamento anche nel campo della fede e della vita cristiana! Senza tornare a proclami di paure e di castighi, che sono fuori luogo, ma raccogliendo provocazioni che fanno riflettere e inducono a prendere sul serio Dio, il suo Progetto di vita come \u00e8 compendiato nel Vangelo, codice di vera umanit\u00e0.<\/p>\n<p>Cantare l\u2019inno di Mameli dai balconi serve a riempire i pomeriggi azzurri e troppo lunghi, cos\u00ec come scambiarsi messaggi su Whattapp serve a tenere alto il morale delle truppe; ma quel che necessita \u00e8 una grande opera di conversione, dobbiamo diventare \u201csaggi\u201d. Dicono, che una volta passato questo virus farabutto, non saremo pi\u00f9 come prima. Magari! Ma se non cambiamo, quando ritorner\u00e0 la bella stagione, ritorneremo \u201cdistratti\u201d come prima.<\/p>\n<p>Per ora \u201csiamo tribolati in tutto, ma non vinti; perplessi ma non disperati; abbattuti ma non annientati; portiamo sempre e dovunque nel nostro corpo la morte di Ges\u00f9, affinch\u00e9 anche la vita di Ges\u00f9 si manifesti nel nostro corpo\u201d (2Cor 4,8-10). Non brancoliamo nel buio! \u201cIo sono la luce del mondo\u201d ci dice Ges\u00f9 mentre i nostri cuori si sentono invasi dall\u2019oscurit\u00e0, dai dubbi, dalla confusine, dal dolore. \u201cChi mi segue non camminer\u00e0 nelle tenebre, ma avr\u00e0 la luce della vita\u201d (Gv 8,16).<\/p>\n<p>Non ci manca il pane ma ci manca Qualcuno che ci guidi. Donaci, Signore, il desiderio di guarire e di uscire dall\u2019illusione di cavarcela da soli e di bastare a noi stessi. Ripeti a noi le parole dette al paralitico \u201calzati e cammina\u201d. Sollevaci dal lettuccio del lamento, della scontentezza permanente, dell\u2019indifferenza, dell\u2019assuefazione, della pigrizia. Mettici sulle labbra la bella preghiera di madre Teresa di Calcutta: \u201cSignore, mandami qualcuno da amare\u201d.<\/p>\n\t\n<\/div>[vc_empty_space height=&#8221;25px&#8221;][\/vc_column][\/vc_row]\n<\/section>","protected":false},"excerpt":{"rendered":"<p>[vc_row][vc_column][vc_empty_space height=&#8221;25px&#8221;][vc_empty_space height=&#8221;25px&#8221;][\/vc_column][\/vc_row]<\/p>\n","protected":false},"author":2,"featured_media":0,"comment_status":"closed","ping_status":"closed","sticky":false,"template":"","format":"standard","meta":{"footnotes":""},"categories":[22],"tags":[11,23,12,91,89,90,92],"class_list":["post-5661533","post","type-post","status-publish","format-standard","hentry","category-articoli-2020","tag-articoli","tag-articoli-2020","tag-don-egidio","tag-fede","tag-pasqua","tag-pensieri-di-don-egidio","tag-preghiera"],"_links":{"self":[{"href":"https:\/\/www.donegidio.it\/index.php\/wp-json\/wp\/v2\/posts\/5661533","targetHints":{"allow":["GET"]}}],"collection":[{"href":"https:\/\/www.donegidio.it\/index.php\/wp-json\/wp\/v2\/posts"}],"about":[{"href":"https:\/\/www.donegidio.it\/index.php\/wp-json\/wp\/v2\/types\/post"}],"author":[{"embeddable":true,"href":"https:\/\/www.donegidio.it\/index.php\/wp-json\/wp\/v2\/users\/2"}],"replies":[{"embeddable":true,"href":"https:\/\/www.donegidio.it\/index.php\/wp-json\/wp\/v2\/comments?post=5661533"}],"version-history":[{"count":1,"href":"https:\/\/www.donegidio.it\/index.php\/wp-json\/wp\/v2\/posts\/5661533\/revisions"}],"predecessor-version":[{"id":5661534,"href":"https:\/\/www.donegidio.it\/index.php\/wp-json\/wp\/v2\/posts\/5661533\/revisions\/5661534"}],"wp:attachment":[{"href":"https:\/\/www.donegidio.it\/index.php\/wp-json\/wp\/v2\/media?parent=5661533"}],"wp:term":[{"taxonomy":"category","embeddable":true,"href":"https:\/\/www.donegidio.it\/index.php\/wp-json\/wp\/v2\/categories?post=5661533"},{"taxonomy":"post_tag","embeddable":true,"href":"https:\/\/www.donegidio.it\/index.php\/wp-json\/wp\/v2\/tags?post=5661533"}],"curies":[{"name":"wp","href":"https:\/\/api.w.org\/{rel}","templated":true}]}}