{"id":5661805,"date":"2021-04-15T19:23:43","date_gmt":"2021-04-15T19:23:43","guid":{"rendered":"https:\/\/www.donegidio.it\/?p=5661805"},"modified":"2021-04-15T19:24:33","modified_gmt":"2021-04-15T19:24:33","slug":"a-700-anni-dalla-morte-di-dante-alighieri","status":"publish","type":"post","link":"https:\/\/www.donegidio.it\/index.php\/2021\/04\/15\/a-700-anni-dalla-morte-di-dante-alighieri\/","title":{"rendered":"A 700 anni dalla morte di Dante Alighieri"},"content":{"rendered":"<section class=\"wpb-content-wrapper\">[vc_row][vc_column]<div class=\"norebro-heading-sc heading text-left\"\n\tid=\"norebro-custom-69f498e5d420a\" \n\t \n\t>\n\t\n\t\n\t\n\t<h3 class=\"title\">\n\t\tA 700 ANNI DALLA MORTE DI DANTE ALIGHIERI<\/br>\nLettera di papa Francesco: un invito a scoprire l\u2019attualit\u00e0 della Divina Commedia\t<\/h3>\n\n\t\t\t<div class=\"divider\"><\/div>\n\t\n\t\t\t<p class=\"subtitle\">\n\t\t\t14 Aprile 2021\t\t<\/p>\n\t\t\n<\/div>[vc_empty_space height=&#8221;25px&#8221;]<div class=\"norebro-text-sc \" \n\tid=\"norebro-custom-69f498e5d433e\" \n\t \n\t>\n\n\t<p>La lettera apostolica di papa Francesco, <em>Candor lucis aeternae, <\/em>dedicata ai 700 anni della morte di Dante, \u00e8 un invito a scoprire cosa la <em>Divina Commedia<\/em> dica agli uomini e alle donne del nostro tempo.<br \/>\nLa data per la presentazione del testo era quasi obbligata: il viaggio nella <em>selva oscura<\/em> inizia il 25 marzo perch\u00e9 \u00e8 per eccellenza l\u2019inizio della storia cristiana, con l\u2019incarnazione. Inoltre ai tempi di Dante in alcune citt\u00e0 toscane era il primo giorno dell\u2019anno.<br \/>\nIl titolo, <em>Candor lucis aeternae, <\/em>con cui inizia la lettera del Papa, \u00e8 una citazione che Dante fa nel <em>Convivio, <\/em>la sua opera teorica pi\u00f9 alta, e che trae dal libro biblico della <em>Sapienza <\/em>dove si parla della sapienza divina, che nel cristianesimo \u00e8 incentrata in Cristo.<br \/>\nDante era un credente e aveva una straordinaria conoscenza della Bibbia (\u00e8 stato calcolato che la cita 588 volte) e pure della teologia e della filosofia del suo tempo. Quindi Dante ci invita ad approfondire la fede, a non vivere con superficialit\u00e0. E poi c\u2019\u00e8 l\u2019insegnamento che viene dall\u2019arte, l\u2019invito a cercare il bello, la luce, in questo tempo pieno di paure.<br \/>\nLa <em>Divina Commedia<\/em> \u00e8 un viaggio che comincia nelle tenebre, da \u201cquell\u2019aiuola che ci fa tanto feroci\u201d e, attraverso la speranza, progressivamente ci porta alla liberazione dagli incubi rappresentati nell\u2019inferno, per giungere alla meta finale che \u00e8 l\u2019armonia suprema del paradiso.<br \/>\nIl Papa definisce Dante profeta della speranza e insiste molto sul desiderio, insito nell\u2019animo umano, che ha come punto di arrivo non una consolazione temporanea, ma la felicit\u00e0 in pienezza, data dalla visione dell\u2019amore che \u00e8 Dio.<br \/>\nInsomma, con le nostre colpe, le miserie, le guerre e gli incubi del nostro tempo, dobbiamo ricordare sempre che esistono \u201cle gran braccia\u201d del Signore.<br \/>\nInfine, nella sua Lettera, papa Francesco fa un appello alle varie categorie \u2013 insegnanti, istituzioni culturali ed ecclesiali, artisti e letterati \u2013 perch\u00e9 facciano rivivere il messaggio del Poeta. Non basta commentare il testo, occorre far cogliere la bellezza, l\u2019armonia, far capire che la fede \u00e8 tutt\u2019altro che mito, ma \u00e8 ricerca di una sostanza.<br \/>\nE, come per la <em>Bibbia <\/em>non si pu\u00f2 leggere tutto di seguito dal primo capitolo della <em>Genesi <\/em>all\u2019ultimo dell<em>\u2019Apocalisse, cos\u00ec <\/em>non si pu\u00f2 leggere la <em>Divina Commedia<\/em> dal primo all\u2019ultimo dei suoi 100 Canti. E\u2019 meglio iniziare, come del resto si fa anche a scuola, scegliendo alcune pagine che sono pi\u00f9 folgoranti, come ad esempio: Paolo e Francesca, il conte Ugolino, il volo di Ulisse, la preghiera di San Bernardo alla Vergine.<strong>\u00a0<\/strong><\/p>\n<p><strong>La preghiera di San Bernardo alla Vergine <\/strong><\/p>\n<p>San Bernardo si rivolge alla Vergine e la invoca come la pi\u00f9 alta e la pi\u00f9 umile di tutte le creature, colei che ha nobilitato la natura umana a tal punto che Dio non ha disdegnato di incarnarsi nell\u2019umano. Nel ventre di Maria si riaccese l\u2019amore tra Dio e gli uomini; ella \u00e8 per noi perenne luce di carit\u00e0 e fonte di speranza. La grandezza della Vergine \u00e8 tale che concede ogni grazia, spesso addirittura prevenendone la richiesta poich\u00e9 in lei abitano la piet\u00e0, la magnificenza, la bont\u00e0. E chi vuol grazia e a lei non ricorre \u00e8 come colui che vuol volare senza le ali.<\/p>\n<p>Vergine Madre, figlia del tuo figlio,<\/p>\n<p>umile ed alta pi\u00f9 che creatura,<\/p>\n<p>termine fisso d\u2019etterno consiglio,<\/p>\n<p>tu se\u2019 colei che l\u2019umana natura<\/p>\n<p>nobilitasti s\u00ec, che \u2019l suo fattore<\/p>\n<p>non disdegn\u00f2 di farsi sua fattura.<\/p>\n<p>Nel ventre tuo si raccese l\u2019amore,<\/p>\n<p>per lo cui caldo ne l\u2019etterna pace<\/p>\n<p>cos\u00ec \u00e8 germinato questo fiore.<\/p>\n<p>Qui se\u2019 a noi meridiana face<\/p>\n<p>di caritate, e giuso, intra \u2018mortali,<\/p>\n<p>se\u2019 di speranza fontana vivace.<\/p>\n<p>Donna, se\u2019 tanto grande e tanto vali,<\/p>\n<p>che qual vuol grazia e a te non ricorre,<\/p>\n<p>sua disianza vuol volar senz\u2019ali.<\/p>\n\t\n<\/div>[vc_empty_space height=&#8221;25px&#8221;][\/vc_column][\/vc_row]\n<\/section>","protected":false},"excerpt":{"rendered":"<p>[vc_row][vc_column][vc_empty_space height=&#8221;25px&#8221;][vc_empty_space height=&#8221;25px&#8221;][\/vc_column][\/vc_row]<\/p>\n","protected":false},"author":2,"featured_media":0,"comment_status":"closed","ping_status":"closed","sticky":false,"template":"","format":"standard","meta":{"footnotes":""},"categories":[94],"tags":[11,95,101,102,12,13,92],"class_list":["post-5661805","post","type-post","status-publish","format-standard","hentry","category-articoli-2021","tag-articoli","tag-articoli-2021","tag-dante-alighieri","tag-divina-commedia","tag-don-egidio","tag-papa-francesco","tag-preghiera"],"_links":{"self":[{"href":"https:\/\/www.donegidio.it\/index.php\/wp-json\/wp\/v2\/posts\/5661805","targetHints":{"allow":["GET"]}}],"collection":[{"href":"https:\/\/www.donegidio.it\/index.php\/wp-json\/wp\/v2\/posts"}],"about":[{"href":"https:\/\/www.donegidio.it\/index.php\/wp-json\/wp\/v2\/types\/post"}],"author":[{"embeddable":true,"href":"https:\/\/www.donegidio.it\/index.php\/wp-json\/wp\/v2\/users\/2"}],"replies":[{"embeddable":true,"href":"https:\/\/www.donegidio.it\/index.php\/wp-json\/wp\/v2\/comments?post=5661805"}],"version-history":[{"count":1,"href":"https:\/\/www.donegidio.it\/index.php\/wp-json\/wp\/v2\/posts\/5661805\/revisions"}],"predecessor-version":[{"id":5661806,"href":"https:\/\/www.donegidio.it\/index.php\/wp-json\/wp\/v2\/posts\/5661805\/revisions\/5661806"}],"wp:attachment":[{"href":"https:\/\/www.donegidio.it\/index.php\/wp-json\/wp\/v2\/media?parent=5661805"}],"wp:term":[{"taxonomy":"category","embeddable":true,"href":"https:\/\/www.donegidio.it\/index.php\/wp-json\/wp\/v2\/categories?post=5661805"},{"taxonomy":"post_tag","embeddable":true,"href":"https:\/\/www.donegidio.it\/index.php\/wp-json\/wp\/v2\/tags?post=5661805"}],"curies":[{"name":"wp","href":"https:\/\/api.w.org\/{rel}","templated":true}]}}