{"id":5661816,"date":"2021-05-27T16:30:00","date_gmt":"2021-05-27T16:30:00","guid":{"rendered":"https:\/\/www.donegidio.it\/?p=5661816"},"modified":"2021-05-27T16:30:46","modified_gmt":"2021-05-27T16:30:46","slug":"il-virus-non-ha-spento-la-fede-ma-occorre-tornare-a-sognare","status":"publish","type":"post","link":"https:\/\/www.donegidio.it\/index.php\/2021\/05\/27\/il-virus-non-ha-spento-la-fede-ma-occorre-tornare-a-sognare\/","title":{"rendered":"Il virus non ha spento la fede ma occorre tornare a sognare"},"content":{"rendered":"<section class=\"wpb-content-wrapper\">[vc_row][vc_column]<div class=\"norebro-heading-sc heading text-left\"\n\tid=\"norebro-custom-69f31fededc6c\" \n\t \n\t>\n\t\n\t\n\t\n\t<h3 class=\"title\">\n\t\tIL VIRUS NON HA SPENTO LA FEDE MA OCCORRE TORNARE A SOGNARE<\/br>\t<\/h3>\n\n\t\t\t<div class=\"divider\"><\/div>\n\t\n\t\t\t<p class=\"subtitle\">\n\t\t\t27 Maggio 2021\t\t<\/p>\n\t\t\n<\/div>[vc_empty_space height=&#8221;25px&#8221;]<div class=\"norebro-text-sc \" \n\tid=\"norebro-custom-69f31fededdab\" \n\t \n\t>\n\n\t<p>\u201cRitorniamo a sognare\u201d (edizioni Piemme) \u00e8 il libro in cui Papa Francesco, conversando con lo scrittore e giornalista britannico Austen Ivereigh, riflette sulla pandemia: una crisi che \u00e8 globale. Siamo come in un labirinto: il mondo intero vi si trova dentro. E\u2019 uno stato di crisi permanente che comunque non ci obbliga a stare fermi, anche se con il rischio. Quella del labirinto \u00e8 l\u2019immagine \u2013 suggerita da uno dei suoi autori preferiti, Jorge Luis Borges ne <em>Il giardino dei sentieri che si biforcano \u2013 <\/em>che papa Francesco usa per fotografare il momento presente e per indicare una via d\u2019uscita, seguendo quel filo d\u2019Ariana della creativit\u00e0 che i credenti leggono come opera dello Spirito \u201cche ci chiama fuori da noi stessi\u201d. Perch\u00e9 il peggio che possa accadere \u201c\u00e8 restare a guardarci allo specchio, intontiti da tanto girare attorno senza mai uscire dal labirinto. E per venire fuori c\u2019\u00e8 una sola strada: abbandonare la cultura del \u201cselfie\u201d e andare incontro agli altri. Perch\u00e9 \u201csono gli altri che, come Ariana, ci aiutano a trovare vie di uscita, a dare il meglio di noi stessi\u201d.<\/p>\n<p>Immagini, suggerimenti, suggestioni potenti che Papa Francesco pone a conclusione di <em>Ritorniamo a sognare. La strada per un futuro migliore. <\/em>Il libro \u2013 spiega Austen Ivereigh \u2013 \u00e8 nato dalle immagini di quello speciale incontro di preghiera del 27 marzo 2020 in cui \u201cPapa Francesco \u00e8 apparso in Piazza San Pietro come un pilota nella tempesta, per guidare l\u2019umanit\u00e0 in una delle sue notti pi\u00f9 buie\u201d.<\/p>\n<p>Il punto di partenza, per uscire dal labirinto, \u00e8 quello attuale. Il Papa lo vede come \u201cl\u2019ora della verit\u00e0\u201d. Un momento di crisi \u2013 \u201cda una crisi non si esce mai uguali\u201d, ricorda \u2013 e allo stesso tempo di prova rivelatrice.<\/p>\n<p>Nello specifico delle nostre comunit\u00e0 di emigrati quanto la pandemia ha cambiato la vita quotidiana, la vita di fede, la pratica religiosa? Quanto ha stimolato nei missionari la creativit\u00e0 o la ricerca di nuovi percorsi pastorali?<\/p>\n<p>E\u2019 indubbio che la pandemia \u00e8 stato un terremoto per tutti, dal quale solo in parte ci siamo ripresi e con il quale in parte abbiamo imparato a convivere. L\u2019inizio, in particolare, \u00a0\u00e8 stato traumatico, quasi tutte le attivit\u00e0 sospese, comprese le visite negli ospedali e agli ammalati, annullate tutte le feste e gli incontri di cui \u00e8 imbastita l\u2019attivit\u00e0 pastorale delle nostre Missioni, comprese le celebrazioni pi\u00f9 solenni e sentite quali: Palme, Pasqua, Corpus Domini, Feste della Madonna a maggio, Prime Comunioni e Cresime e Matrimoni. Ma anche pellegrinaggi e gite varie e feste di comunit\u00e0. Questo per\u00f2 ha stimolato l\u2019inventiva dei pastori per restare in contatto con i fedeli: chi ha preso in mano il telefono per parlare di pi\u00f9 con gli anziani e le persone sole, chi ha organizzato la messa in streaming, altri hanno utilizzato i nuovi social inviando messaggi o pensieri religiosi o il commento al Vangelo della domenica. E\u2019 chiaro che una cosa \u00e8 l\u2019incontro domenicale alla Messa, altro il rito seguito in televisione. Tuttavia queste esperienze dimostrano che, quando si incontrano le necessit\u00e0, vien fuori la creativit\u00e0 che nessun virus riesce a fermare. Una forza nuova, un desiderio di incontro, che potrebbe lasciare dei frutti sorprendenti per il futuro.<\/p>\n<p>Per\u00f2, c\u2019\u00e8 un altro lato della medaglia per\u00f2. Chi scrive ha l\u2019impressione, speriamo passeggera, che i fedeli si siano adeguati facilmente a questo, tanto \u00e8 vero che le chiese non si sono riempite quando le porte sono state riaperte. Il numero dei fedeli \u00e8 diminuito, in parte per necessit\u00e0 o per paura, in parte forse anche per comodit\u00e0. Alle nostre Missioni \u2013 almeno di chi scrive \u2013 sono arrivate s\u00ec nuove richieste, ma per la maggior parte di tipo economico, specialmente di persone provenienti dall\u2019Italia e in cerca di un posto di lavoro.<\/p>\n<p>Recentemente il Papa &#8211; incontrando un gruppo di giovani che pi\u00f9 di altri hanno vissuto l\u2019astinenza dalle relazioni amicali \u2013 li ha invitati a non chiudersi negli strumenti digitali: \u201cLa dimensione relazionale tra voi studenti e anche con gli insegnanti, \u00e8 stata penalizzata da lunghi mesi della didattica a distanza. Ora vi auguro di riprenderla pienamente. Ma vi invito anche a imparare: questa esperienza negativa possa insegnare qualcosa, cio\u00e8 proprio l\u2019importanza della relazione interpersonale reale, non virtuale. Voi siete figli della societ\u00e0 digitale, che ha aperto nuove vie alla conoscenza e alla comunicazione, ma sappiamo bene che c\u2019\u00e8 il pericolo di chiudersi in s\u00e9 stessi e di vedere la realt\u00e0 sempre attraverso un filtro che solo apparentemente accresce la nostra libert\u00e0\u201d.<\/p>\n<p>Questo per\u00f2 non vale solo per i giovani. C\u2019\u00e8 il pericolo che anche i nostri fedeli, gi\u00e0 portati a sottovalutare il valore comunitario della fede, si chiuda ancor pi\u00f9 nelle proprie case. Chiss\u00e0 che il dramma produca ripensamento anche nel campo della fede e della vita cristiana! Raccogliendo provocazioni che fanno riflettere e inducono a prendere sul serio Dio, il suo progetto di vita che \u00e8 compendiato nel Vangelo, codice di vera umanit\u00e0.<\/p>\n<p>Cantare l\u2019inno di Mameli dai balconi \u00e8 servito a riempire i pomeriggi azzurri e troppo lunghi, cos\u00ec come scambiarsi messaggi su Whattapp serve a tenere alto il morale delle truppe; ma quel che necessita \u00e8 una grande opera di conversione, dobbiamo diventare \u201csaggi\u201d. Dicono, che una volta passato questo virus farabutto, non saremo pi\u00f9 come prima. Magari! Ma se non cambiamo, quando ritorner\u00e0 la bella stagione, ritorneremo \u201cdistratti\u201d come prima.<\/p>\n<p>Per ora \u201csiamo tribolati in tutto, ma non vinti; perplessi ma non disperati; abbattuti ma non annientati; portiamo sempre e dovunque nel nostro corpo la morte di Ges\u00f9, affinch\u00e9 anche la sua vita si manifesti nel nostro corpo\u201d (2Cor 4,8-10). Non brancoliamo nel buio! \u201cIo sono la luce del mondo\u201d ci dice Ges\u00f9 quando i nostri cuori si sentono invasi dall\u2019oscurit\u00e0, dai dubbi, dalla confusione, dal dolore. \u201cChi mi segue non camminer\u00e0 nelle tenebre, ma avr\u00e0 la luce della vita\u201d (Gv 8,16).<\/p>\n<p><strong>Egidio Todeschini<\/strong><\/p>\n\t\n<\/div>[vc_empty_space height=&#8221;25px&#8221;][\/vc_column][\/vc_row]\n<\/section>","protected":false},"excerpt":{"rendered":"<p>[vc_row][vc_column][vc_empty_space height=&#8221;25px&#8221;][vc_empty_space height=&#8221;25px&#8221;][\/vc_column][\/vc_row]<\/p>\n","protected":false},"author":2,"featured_media":0,"comment_status":"closed","ping_status":"closed","sticky":false,"template":"","format":"standard","meta":{"footnotes":""},"categories":[94],"tags":[11,95,25,12,91,13,103],"class_list":["post-5661816","post","type-post","status-publish","format-standard","hentry","category-articoli-2021","tag-articoli","tag-articoli-2021","tag-covid-19","tag-don-egidio","tag-fede","tag-papa-francesco","tag-sognare"],"_links":{"self":[{"href":"https:\/\/www.donegidio.it\/index.php\/wp-json\/wp\/v2\/posts\/5661816","targetHints":{"allow":["GET"]}}],"collection":[{"href":"https:\/\/www.donegidio.it\/index.php\/wp-json\/wp\/v2\/posts"}],"about":[{"href":"https:\/\/www.donegidio.it\/index.php\/wp-json\/wp\/v2\/types\/post"}],"author":[{"embeddable":true,"href":"https:\/\/www.donegidio.it\/index.php\/wp-json\/wp\/v2\/users\/2"}],"replies":[{"embeddable":true,"href":"https:\/\/www.donegidio.it\/index.php\/wp-json\/wp\/v2\/comments?post=5661816"}],"version-history":[{"count":1,"href":"https:\/\/www.donegidio.it\/index.php\/wp-json\/wp\/v2\/posts\/5661816\/revisions"}],"predecessor-version":[{"id":5661817,"href":"https:\/\/www.donegidio.it\/index.php\/wp-json\/wp\/v2\/posts\/5661816\/revisions\/5661817"}],"wp:attachment":[{"href":"https:\/\/www.donegidio.it\/index.php\/wp-json\/wp\/v2\/media?parent=5661816"}],"wp:term":[{"taxonomy":"category","embeddable":true,"href":"https:\/\/www.donegidio.it\/index.php\/wp-json\/wp\/v2\/categories?post=5661816"},{"taxonomy":"post_tag","embeddable":true,"href":"https:\/\/www.donegidio.it\/index.php\/wp-json\/wp\/v2\/tags?post=5661816"}],"curies":[{"name":"wp","href":"https:\/\/api.w.org\/{rel}","templated":true}]}}