{"id":5661837,"date":"2021-10-11T17:21:59","date_gmt":"2021-10-11T17:21:59","guid":{"rendered":"https:\/\/www.donegidio.it\/?p=5661837"},"modified":"2021-10-11T17:26:48","modified_gmt":"2021-10-11T17:26:48","slug":"prete-di-berbenno-nominato-coordinatore-nazionale-delle-missioni-cattoliche-in-svizzera","status":"publish","type":"post","link":"https:\/\/www.donegidio.it\/index.php\/2021\/10\/11\/prete-di-berbenno-nominato-coordinatore-nazionale-delle-missioni-cattoliche-in-svizzera\/","title":{"rendered":"Prete di Berbenno nominato  Coordinatore nazionale delle missioni cattoliche in Svizzera"},"content":{"rendered":"<section class=\"wpb-content-wrapper\">[vc_row][vc_column]<div class=\"norebro-heading-sc heading text-left\"\n\tid=\"norebro-custom-69f30ff6af6fc\" \n\t \n\t>\n\t\n\t\n\t\n\t<h3 class=\"title\">\n\t\tPrete di Berbenno nominato Coordinatore nazionale delle missioni cattoliche in Svizzera\n<br> E' Don Egidio Todeschini, dal 1973 missionario degli emigranti\t<\/h3>\n\n\t\t\t<div class=\"divider\"><\/div>\n\t\n\t\t\t<p class=\"subtitle\">\n\t\t\t10 Ottobre 2021 \/\/ di Giuseppe Zois\t\t<\/p>\n\t\t\n<\/div>[vc_empty_space height=&#8221;25px&#8221;]<div class=\"norebro-text-sc \" \n\tid=\"norebro-custom-69f30ff6af80d\" \n\t \n\t>\n\n\t<p><strong>Il prete bergamasco don Egidio Todeschini, dal 1973 a oggi missionario degli emigrati ed emigranti italiani in Svizzera, \u00e8 stato nominato Coordinatore nazionale delle Missioni cattoliche italiane nella Confederazione per il quinquennio 2022-2026. Il mandato gli \u00e8 stato conferito dal vescovo di Basilea e presidente dei vescovi svizzeri, Felix Gm\u00fcr. La nomina \u00e8 avvenuta durante la 333.ma assemblea ordinaria dell\u2019episcopato, svoltasi a Visp, nel Vallese. Don Egidio \u00e8 nato a Berbenno, nella frazione della Prada, il 14 febbraio 1944, penultimo di undici figli. L\u2019importante scelta \u2013 \u00e8 scritto nella lettera ufficiale \u2013 \u201cconferma l\u2019apprezzamento per le comunit\u00e0 di lingua italiana e per i missionari, le religiose e i religiosi e i laici che quotidianamente si prodigano per i fedeli di lingua italiana in Svizzera e per i nostri connazionali in Svizzera\u201d. La nota termina con l\u2019augurio di \u201csperimentare un servizio di coordinamento ricco di buoni frutti per le tante comunit\u00e0 cattoliche in Svizzera che custodiscono il bagaglio di fede e di cultura della Chiesa in Italia, radici che non si spezzano ma che si allungano ad abbracciare ci\u00f2 che incontrano\u201d.<\/strong><\/p>\n<p>La Valle Imagna \u00e8 da sempre terra di valigie: il mestiere dell\u2019emigrante \u00e8 praticato da generazioni e attraversa secoli. Cambiano i tempi ma i migranti restano i forzati di una fatica che non cambia mai e che ha come sovrapprezzo lo sradicamento dalle famiglie, dagli affetti pi\u00f9 cari e dalla propria terra. A fine Ottocento e prima met\u00e0 del Novecento partivano padri e figli, braccia vigorose, per cantieri edili di ogni dove oppure nei boschi di Svizzera e Francia, ma anche in Gran Bretagna, nelle Americhe e in Australia. Numerosi, fino a qualche decennio fa gli stagionali in Svizzera, impediti dal portare con s\u00e9 le loro famiglie. Dovevano essere solo braccia e dimenticare d\u2019essere uomini, per parafrasare un\u2019efficace immagine dell\u2019architetto e scrittore Max Frisch. Per decenni queste schiere di migranti, che spesso avevano bisogno di aiuto e di assistenza nella burocrazia, con la lingua e nella scrittura, sono stati accompagnati da generose figure di preti. Dalla Valle Imagna ne sono partiti diversi: \u00e8 il caso di ricordare don Antonio Locatelli, che fu poi per anni illuminato Vicario generale della diocesi con il vescovo Giulio Oggioni; don Romeo Todeschini; per qualche stagione anche P. Andrea Filippi, storico missionario in Brasile; don Eliseo Pasinelli che fu coadiutore a Berbenno e scelse poi a sua volta di fare le valigie per la Svizzera. Ultimo forse di questa assistenza spirituale e materiale a muoversi dalla Valle verso la Svizzera \u00e8 don Egidio Todeschini, che dal 1973 opera ininterrottamente in Svizzera, in diverse missioni.<br \/>\nAutore egli stesso di alcuni libri fotografici a sfondo benefico-solidale, don Egidio ha una biografia che meriterebbe una narrazione tanto \u00e8 ricca e multitasking la sua vita di prete, giornalista, comunicatore nel mondo delle Missioni per i migranti, suscitatore e convogliatore di solidariet\u00e0 verso diverse emergenze umanitarie. Il tutto \u00e8 avvolto dalla sua spiccata propensione ai contatti, alla mediazione, dote fondamentale nella complessit\u00e0 elvetica, gi\u00e0 a partire dalle due lingue principali, il tedesco e il francese. In larga misura, \u00e8 un prete \u201cself made man\u201d: ha dovuto attrezzarsi per fare quello che la vocazione gli ha dettato. Si \u00e8 quindi industriato alla svelta a imparare il tedesco e il francese, poi ha masticato giornalismo in una testata locale, l\u2019Eco di Locarno, esperienza utilissima per il suo futuro, in quanto ben presto gli fu affidata la non facile responsabilit\u00e0 del \u201cCorriere degli Italiani\u201d, succedendo a don Giulio Nicolini che fu chiamato a Roma da Paolo VI e poi fu fatto vescovo ad Alba quindi a Cremona. A questa testata che stava avendo una tormentata rotta di navigazione, don Egidio ha saputo dare nei suoi anni di direzione (1982-1998) un\u2019ossatura, organizzando una rete di collaboratori per raccontare situazioni, mutamenti, problemi, persone e fatti con mira puntata sull\u2019emigrazione. Un settimanale cristiano nell\u2019idea e nell\u2019ideale ma aperto alle molteplici voci della societ\u00e0.<br \/>\nLe \u201clocation\u201d di don Egidio in Svizzera \u2013 dove gi\u00e0 aveva provato l\u2019asprezza dei cantieri per anni suo padre \u2013 dicono della sua versatilit\u00e0 e anche disponibilit\u00e0: 1973-74 a Yverdon; 1974-1977 a Morges; 1978 giornalista a Locarno; 1978-1982 a Herisau (Appenzello); ottobre 1982 &#8211; 1998 a Hochdorf; gennaio 1999-dicembre 2021, missionario per Liechtenstein e Valle del Reno (sede a Schaan).<br \/>\nTra le numerose iniziative filantropiche messe in atto da don Egidio, c\u2019\u00e8 un Calendario della Solidariet\u00e0 che diventa fonte di aiuti erogati attraverso missionari nei cinque continenti. Quest\u2019anno, per esempio, \u00e8 stata fissata questa mappa di soccorso:<\/p>\n<ul>\n<li>adozione di 50 bambini di Dagami (Leyte, Filippine)<\/li>\n<li>opere sociali della diocesi di Emdibir (Etiopia)<\/li>\n<li>opere sociali della diocesi di Beira (Mozambico)<\/li>\n<li>opere sociali della diocesi di Gizo (Isole Solomone)<\/li>\n<li>studenti poveri di Otavalo e Ibarra (Ecuador)<\/li>\n<li>altri aiuti che durante l\u2019anno giungono da diverse parti.<\/li>\n<\/ul>\n<p>Questo lo spirito che anima ogni anno l\u2019impegno: \u201cVogliamo aiutare alcuni dei tanti bambini del mondo per trasmettere loro speranza e dare coraggio per affrontare le difficili sfide che la vita comporta. La nostra \u00e8 solo una goccia nel deserto, ma \u00e8 questo deserto che tutti insieme cerchiamo di irrigare perch\u00e9 diventi terra fertile per una vita pi\u00f9 dignitosa e piena di gioia. Non \u00e8 forse la somma delle gocce d\u2019acqua che fa gli oceani?\u201d. Anche dal nuovo avamposto di lavoro, don Egidio continuer\u00e0 questa irradiazione di bene.<\/p>\n<p><strong>Giuseppe Zois<\/strong><\/p>\n<p><a href=\"https:\/\/www.bergamonews.it\/2021\/10\/10\/prete-di-berbenno-nuovo-coordinatore-delle-missioni-cattoliche-in-svizzera\/469292\/\">Leggi l&#8217;articolo originale su Bergamo News<\/a><\/p>\n\t\n<\/div>[vc_empty_space height=&#8221;25px&#8221;][\/vc_column][\/vc_row]\n<\/section>","protected":false},"excerpt":{"rendered":"<p>[vc_row][vc_column][vc_empty_space height=&#8221;25px&#8221;][vc_empty_space height=&#8221;25px&#8221;][\/vc_column][\/vc_row]<\/p>\n","protected":false},"author":2,"featured_media":0,"comment_status":"closed","ping_status":"closed","sticky":false,"template":"","format":"standard","meta":{"footnotes":""},"categories":[94],"tags":[11,95,12,106],"class_list":["post-5661837","post","type-post","status-publish","format-standard","hentry","category-articoli-2021","tag-articoli","tag-articoli-2021","tag-don-egidio","tag-missioni-cattoliche-svizzera"],"_links":{"self":[{"href":"https:\/\/www.donegidio.it\/index.php\/wp-json\/wp\/v2\/posts\/5661837","targetHints":{"allow":["GET"]}}],"collection":[{"href":"https:\/\/www.donegidio.it\/index.php\/wp-json\/wp\/v2\/posts"}],"about":[{"href":"https:\/\/www.donegidio.it\/index.php\/wp-json\/wp\/v2\/types\/post"}],"author":[{"embeddable":true,"href":"https:\/\/www.donegidio.it\/index.php\/wp-json\/wp\/v2\/users\/2"}],"replies":[{"embeddable":true,"href":"https:\/\/www.donegidio.it\/index.php\/wp-json\/wp\/v2\/comments?post=5661837"}],"version-history":[{"count":4,"href":"https:\/\/www.donegidio.it\/index.php\/wp-json\/wp\/v2\/posts\/5661837\/revisions"}],"predecessor-version":[{"id":5661841,"href":"https:\/\/www.donegidio.it\/index.php\/wp-json\/wp\/v2\/posts\/5661837\/revisions\/5661841"}],"wp:attachment":[{"href":"https:\/\/www.donegidio.it\/index.php\/wp-json\/wp\/v2\/media?parent=5661837"}],"wp:term":[{"taxonomy":"category","embeddable":true,"href":"https:\/\/www.donegidio.it\/index.php\/wp-json\/wp\/v2\/categories?post=5661837"},{"taxonomy":"post_tag","embeddable":true,"href":"https:\/\/www.donegidio.it\/index.php\/wp-json\/wp\/v2\/tags?post=5661837"}],"curies":[{"name":"wp","href":"https:\/\/api.w.org\/{rel}","templated":true}]}}