{"id":5661971,"date":"2022-11-14T11:22:09","date_gmt":"2022-11-14T11:22:09","guid":{"rendered":"https:\/\/www.donegidio.it\/?p=5661971"},"modified":"2023-01-31T18:34:30","modified_gmt":"2023-01-31T18:34:30","slug":"avvento-attesa-ma-di-chi","status":"publish","type":"post","link":"https:\/\/www.donegidio.it\/index.php\/2022\/11\/14\/avvento-attesa-ma-di-chi\/","title":{"rendered":"Avvento, attesa: ma di chi?"},"content":{"rendered":"<section class=\"wpb-content-wrapper\">[vc_row][vc_column]<div class=\"norebro-heading-sc heading text-left\"\n\tid=\"norebro-custom-69f49067920bb\" \n\t \n\t>\n\t\n\t\n\t\n\t<h3 class=\"title\">\n\t\tAvvento, attesa: ma di chi?\t<\/h3>\n\n\t\t\t<div class=\"divider\"><\/div>\n\t\n\t\t\t<p class=\"subtitle\">\n\t\t\t14 Novembre 2022 \/\/ di don Egidio Todeschini\t\t<\/p>\n\t\t\n<\/div>[vc_empty_space height=&#8221;25px&#8221;]<div class=\"norebro-text-sc \" \n\tid=\"norebro-custom-69f49067921e0\" \n\t \n\t>\n\n\t<p>\u201c<em>Oh Dio, suscita in noi la volont\u00e0 di andare incontro con le buone opere al tuo Cristo che viene, perch\u00e9 egli ci chiami accanto a s\u00e9<\/em> nella gloria a possedere il regno dei cieli\u201d (Colletta, Prima domenica di Avvento).<\/p>\n<p>Sappiamo che <em>Adventus <\/em>\u00e8 la traduzione in latino dal greco <em>Parous\u00eca, Epiphania,<\/em> che nel linguaggio cultuale romano significava la venuta annuale della divinit\u00e0 nel tempio per visitare i suoi fedeli. Infatti il Cronografo romano del 354 usa la formula <em>Adventus Divi<\/em> per designare il giorno anniversario dell\u2019ascesa al trono di Costantino.<\/p>\n<p>Ma per noi cristiani cosa significa? Cominciamo col dire che se qualcuno si manifesta \u00e8 in funzione di qualcun altro. Cristo si \u00e8 voluto manifestare, farsi presente per chi? Per noi! Quindi il sacro tempo di Avvento che la Chiesa ci offre ogni anno \u00e8 la preparazione all\u2019incontro con Dio che <strong>\u00e8 venuto<\/strong> nell\u2019umilt\u00e0 (in fasce, prima venuta), che<strong> viene<\/strong> (ogni giorno nel quotidiano), che<strong> verr\u00e0<\/strong> nella gloria (Giudice vestito di maest\u00e0).<\/p>\n<p>La riforma liturgica del Concilio Vaticano II ci ha portato alla seguente comprensione: \u201cIl tempo di Avvento ha una doppia caratteristica: \u00e8 tempo di preparazione alla solennit\u00e0 del Natale, in cui si ricorda la prima venuta del Figlio di Dio fra gli uomini, e insieme \u00e8 il tempo in cui, attraverso tale ricordo, lo spirito viene guidato all\u2019attesa della seconda venuta di Cristo alla fine dei tempi\u201d.<\/p>\n<p>Per questo l\u2019Avvento non \u00e8 solo la preparazione al compleanno di Cristo, ma \u00e8 l\u2019attesa del compimento del mistero della nostra redenzione. Anno dopo anno, di Natale in Natale, ci prepariamo al nostro incontro personale con Cristo (nostra morte) e a quello finale di tutti alla fine dei tempi.<\/p>\n<p>La venuta di Cristo nella carne ha compiuto l\u2019attesa dei secoli, ma allo stesso tempo ci apre alla Speranza del suo ritorno glorioso in cui si compir\u00e0 pienamente il suo disegno di salvezza per ogni uomo.<\/p>\n<p>Il tempo di Avvento \u00e8 un tempo di vegliare, per farsi trovare pronti, di non addormentarci nelle nostre pigrizie, nel nostro egoismo, come dice San Paolo: \u201cE\u2019 tempo di svegliarsi dal sonno, perch\u00e9 adesso la nostra salvezza \u00e8 pi\u00f9 vicina\u2026 comportiamoci onestamente come in pieno giorno, non in mezzo a orge e ubriachezze, non fra lussurie e impurit\u00e0, non in litigi e gelosie. Rivestitevi invece del Signore Ges\u00f9 e non lasciatevi prendere dai desideri della carne\u201d (Rom. 13, 11ss). Vegliare significa avere gli occhi della fede che sappiano riconoscere Ges\u00f9 che s\u2019incarna nell\u2019altro del quale non ci serviamo ma che vogliamo servire.<\/p>\n<p>L\u2019attesa propria dell\u2019Avvento \u00e8 un\u2019attesa <strong>gioiosa <\/strong>perch\u00e9, come dicevo prima, \u00e8 un\u2019attesa del compimento della salvezza. Le promesse messianiche realizzate in Cristo portano il nostro sguardo verso il futuro. L\u2019Avvento vuole suscitare in noi il desiderio di andare incontro al Signore che torna per portarci con lui. L\u2019Avvento distrugge in noi la paura della morte e rafforza la gioia dell\u2019incontro. Per questo la terza domenica di Avvento, detta la \u201cDomenica \u201cLaetare, cio\u00e8 Rallegratevi\u201d \u00e8 tutta dedicata alla gioia.<\/p>\n<p>L\u2019attesa dell\u2019Avvento \u00e8 una attesa <strong>paziente<\/strong>, come la pazienza dell\u2019agricoltore, che sa attendere i tempi del raccolto. Faremo bene perci\u00f2 a esercitare la pazienza nei momenti di difficolt\u00e0, di buio, anche quando dubitiamo dell\u2019amore di Ges\u00f9, come successe a Giovanni Battista nel momento della prova, quando sorge in noi la domanda: \u201cSei tu colui che deve venire o dobbiamo aspettare un altro?&#8221; (Mt 11,3).<\/p>\n<p>Infine l\u2019attesa dell\u2019Avvento \u00e8 una attesa <strong>operosa<\/strong>. L\u2019Avvento prima e il Natale poi non devono essere vissuti nel sentimentalismo (Ges\u00f9 nel mio cuoricino!), ma nella realt\u00e0 della nostra storia, dove Cristo \u00e8 presente. Riflettiamo un attimo: dove \u00e8 questo Cristo fatto carne? In chi? Dove dimora questo Cristo che aspetta di essere accolto? \u201cChi accoglie voi accoglie me\u201d (Mt, 10,40).<\/p>\n<p>Cos\u00ec, alla luce del mistero dell\u2019Incarnazione s\u2019illumina la nostra vita: \u00e8 quella luce che d\u00e0 senso alla nostra esistenza. Perci\u00f2, per chi ha conosciuto Cristo, il Natale \u00e8 memoria attualizzata della nostra salvezza. La luce, che \u00e8 Cristo, vince l\u2019oscurit\u00e0, la confusione, la depressione, la disperazione.<\/p>\n<p>Che il Signore,dunque, ci aiuti a vivere il tempo di Avvento in attesa gioiosa, paziente e operosa.<\/p>\n\t\n<\/div>[vc_empty_space height=&#8221;25px&#8221;][\/vc_column][\/vc_row]\n<\/section>","protected":false},"excerpt":{"rendered":"<p>[vc_row][vc_column][vc_empty_space height=&#8221;25px&#8221;][vc_empty_space height=&#8221;25px&#8221;][\/vc_column][\/vc_row]<\/p>\n","protected":false},"author":2,"featured_media":0,"comment_status":"closed","ping_status":"closed","sticky":false,"template":"","format":"standard","meta":{"footnotes":""},"categories":[107],"tags":[11,108,112,111,113,12],"class_list":["post-5661971","post","type-post","status-publish","format-standard","hentry","category-articoli-2022","tag-articoli","tag-articoli-2022","tag-attesa","tag-avvento","tag-concilio-vaticano","tag-don-egidio"],"_links":{"self":[{"href":"https:\/\/www.donegidio.it\/index.php\/wp-json\/wp\/v2\/posts\/5661971","targetHints":{"allow":["GET"]}}],"collection":[{"href":"https:\/\/www.donegidio.it\/index.php\/wp-json\/wp\/v2\/posts"}],"about":[{"href":"https:\/\/www.donegidio.it\/index.php\/wp-json\/wp\/v2\/types\/post"}],"author":[{"embeddable":true,"href":"https:\/\/www.donegidio.it\/index.php\/wp-json\/wp\/v2\/users\/2"}],"replies":[{"embeddable":true,"href":"https:\/\/www.donegidio.it\/index.php\/wp-json\/wp\/v2\/comments?post=5661971"}],"version-history":[{"count":2,"href":"https:\/\/www.donegidio.it\/index.php\/wp-json\/wp\/v2\/posts\/5661971\/revisions"}],"predecessor-version":[{"id":5661973,"href":"https:\/\/www.donegidio.it\/index.php\/wp-json\/wp\/v2\/posts\/5661971\/revisions\/5661973"}],"wp:attachment":[{"href":"https:\/\/www.donegidio.it\/index.php\/wp-json\/wp\/v2\/media?parent=5661971"}],"wp:term":[{"taxonomy":"category","embeddable":true,"href":"https:\/\/www.donegidio.it\/index.php\/wp-json\/wp\/v2\/categories?post=5661971"},{"taxonomy":"post_tag","embeddable":true,"href":"https:\/\/www.donegidio.it\/index.php\/wp-json\/wp\/v2\/tags?post=5661971"}],"curies":[{"name":"wp","href":"https:\/\/api.w.org\/{rel}","templated":true}]}}