{"id":5662101,"date":"2024-01-27T13:25:28","date_gmt":"2024-01-27T13:25:28","guid":{"rendered":"https:\/\/www.donegidio.it\/?p=5662101"},"modified":"2024-01-27T13:32:13","modified_gmt":"2024-01-27T13:32:13","slug":"ordine-coshanno-di-speciale-i-preti","status":"publish","type":"post","link":"https:\/\/www.donegidio.it\/index.php\/2024\/01\/27\/ordine-coshanno-di-speciale-i-preti\/","title":{"rendered":"ORDINE &#8211; Cos&#8217;hanno di speciale i preti?"},"content":{"rendered":"<section class=\"wpb-content-wrapper\">[vc_row][vc_column]<div class=\"norebro-heading-sc heading text-left\"\n\tid=\"norebro-custom-69f3f3e8dd4f9\" \n\t \n\t>\n\t\n\t\n\t\n\t<h3 class=\"title\">\n\t\tCOS\u2019HANNO DI SPECIALE I PRETI?\t<\/h3>\n\n\t\t\t<div class=\"divider\"><\/div>\n\t\n\t\t\t<p class=\"subtitle\">\n\t\t\t26 Gennaio 2024 \/\/ di don Egidio Todeschini\t\t<\/p>\n\t\t\n<\/div>[vc_empty_space height=&#8221;25px&#8221;]<div class=\"norebro-text-sc \" \n\tid=\"norebro-custom-69f3f3e8dd602\" \n\t \n\t>\n\n\t<p><strong>Signor parroco, perch\u00e9 mai si fanno feste solennissime per la Prima Messa di un sacerdote mentre non si fa nulla per le suore o i matrimoni? Sa cosa le dico? Io credo che si tratti di clericalismo e di maschilismo bell\u2019e buono.<\/strong><\/p>\n<p>Beh, se parte cos\u00ec, qualunque cosa io le risponda rischia di non andare bene.<\/p>\n<p><strong>Ha ragione, reverendo, lo ammetto.<\/strong><\/p>\n<p>Ecco, bravo! Allora anch\u2019io le vengo incontro e ammetto che in quel tipo di feste una punta di clericalismo ci sta.<\/p>\n<p><strong>E anche di maschilismo, su! Altra \u00e8 la posizione del prete nella Chiesa e altra quella delle suore.<\/strong><\/p>\n<p>Non escludo neanche quello. Per\u00f2 io credo che se fosse solo per il clericalismo e il maschilismo queste feste di Prima Messa, oggi come oggi, non starebbero pi\u00f9 in piedi. Invece hanno addirittura un crescendo e sa perch\u00e9? Perch\u00e9 alla base ci sta un ragionamento di fede.<\/p>\n<p><strong>Proprio quello che io avrei tendenza ad escludere.<\/strong><\/p>\n<p>Appunto! Invece secondo me la gente, o meglio il popolo di Dio, quando viene consacrato un prete, e ancor pi\u00f9 quando viene consacrato un nuovo vescovo, si rende conto che l\u00ec ha la garanzia della propria continuit\u00e0. Senza vescovi e sacerdoti non c\u2019\u00e8 Eucarestia, non c\u2019\u00e8 assoluzione dei peccati. E senza queste cose non c\u2019\u00e8 Chiesa.<\/p>\n<p><strong>Chi l\u2019ha detto?<\/strong><\/p>\n<p>Lo dice tutta la Bibbia e lo dice la Tradizione della Chiesa. Il Signore fra tutti i suoi discepoli d\u00e0 ai Dodici dei compiti e delle responsabilit\u00e0 particolari. Poi gli Apostoli, con il gesto sacramentale della imposizione dele mani, ordineranno quelli che saranno i loro collaboratori e cos\u00ec faranno i loro successori. E diranno loro: \u201cLo Spirito Santo vi ha posti come vescovi a pascere la Chiesa di Dio\u201d.<\/p>\n<p><strong>Ci vuole proprio il gesto della imposizione delle mani per questo?<\/strong><\/p>\n<p>Vede, noi non siamo puri spiriti, ma corpi concreti. Perci\u00f2 nella nostra religione non basta il pensiero, ma ci vogliono gesti concreti che manifestano e producono le realt\u00e0 spirituali, che servono per la crescita della fede. Anche qui, come si fa a scegliere e a designare chi debba svolgere validamente ed efficacemente nella Chiesa il compito di maestro e di guida spirituale se non con un gesto dato dal Signore e dalla sua Chiesa? Non basta il pensiero.<\/p>\n<p><strong>E non basterebbe che uno venisse eletto dal basso o che venisse accettato dopo che si \u00e8 fatto avanti lui?<\/strong><\/p>\n<p>Il ministero di queste persone \u00e8 la continuazione di quello di Cristo e non gli arriva per semplice elezione. Men che meno se lo pu\u00f2 attribuire qualcuno di propria iniziativa. Come in tutti gli altri doni di Cristo, cio\u00e8 i Sacramenti, anche qui c\u2019\u00e8 un gesto che viene dal Signore: il sacramento dell\u2019Ordine, che manifesta la volont\u00e0 da Lui espressa il giorno di Pasqua: \u201cCome il Padre ha mandato me, ora io mando voi\u201d.<\/p>\n<p><strong><em>E secondo lei la gente pensa tutto questo quando festeggia le Prime Messe dei sacerdoti novelli?<\/em><\/strong><\/p>\n<p>Secondo me, s\u00ec! Forse lo pensa soltanto fra le righe, ma lo pensa. Se non avesse in fondo in fondo coscienza di qualche cosa di decisivo per l\u2019esistenza della Chiesa, la gente non si muoverebbe di sicuro.<\/p>\n\t\n<\/div>[vc_empty_space height=&#8221;25px&#8221;][\/vc_column][\/vc_row]\n<\/section>","protected":false},"excerpt":{"rendered":"<p>[vc_row][vc_column][vc_empty_space height=&#8221;25px&#8221;][vc_empty_space height=&#8221;25px&#8221;][\/vc_column][\/vc_row]<\/p>\n","protected":false},"author":2,"featured_media":0,"comment_status":"closed","ping_status":"closed","sticky":false,"template":"","format":"standard","meta":{"footnotes":""},"categories":[128,115],"tags":[11,129,12,117,130,118],"class_list":["post-5662101","post","type-post","status-publish","format-standard","hentry","category-articoli-2024","category-le-sette-fontane","tag-articoli","tag-articoli-2024","tag-don-egidio","tag-le-sette-fontane","tag-preti","tag-sacramenti"],"_links":{"self":[{"href":"https:\/\/www.donegidio.it\/index.php\/wp-json\/wp\/v2\/posts\/5662101","targetHints":{"allow":["GET"]}}],"collection":[{"href":"https:\/\/www.donegidio.it\/index.php\/wp-json\/wp\/v2\/posts"}],"about":[{"href":"https:\/\/www.donegidio.it\/index.php\/wp-json\/wp\/v2\/types\/post"}],"author":[{"embeddable":true,"href":"https:\/\/www.donegidio.it\/index.php\/wp-json\/wp\/v2\/users\/2"}],"replies":[{"embeddable":true,"href":"https:\/\/www.donegidio.it\/index.php\/wp-json\/wp\/v2\/comments?post=5662101"}],"version-history":[{"count":2,"href":"https:\/\/www.donegidio.it\/index.php\/wp-json\/wp\/v2\/posts\/5662101\/revisions"}],"predecessor-version":[{"id":5662106,"href":"https:\/\/www.donegidio.it\/index.php\/wp-json\/wp\/v2\/posts\/5662101\/revisions\/5662106"}],"wp:attachment":[{"href":"https:\/\/www.donegidio.it\/index.php\/wp-json\/wp\/v2\/media?parent=5662101"}],"wp:term":[{"taxonomy":"category","embeddable":true,"href":"https:\/\/www.donegidio.it\/index.php\/wp-json\/wp\/v2\/categories?post=5662101"},{"taxonomy":"post_tag","embeddable":true,"href":"https:\/\/www.donegidio.it\/index.php\/wp-json\/wp\/v2\/tags?post=5662101"}],"curies":[{"name":"wp","href":"https:\/\/api.w.org\/{rel}","templated":true}]}}