{"id":5662128,"date":"2024-11-16T13:33:40","date_gmt":"2024-11-16T13:33:40","guid":{"rendered":"https:\/\/www.donegidio.it\/?p=5662128"},"modified":"2025-11-29T14:58:23","modified_gmt":"2025-11-29T14:58:23","slug":"chi-puo-misurare-la-fede","status":"publish","type":"post","link":"https:\/\/www.donegidio.it\/index.php\/2024\/11\/16\/chi-puo-misurare-la-fede\/","title":{"rendered":"Chi pu\u00f2 misurare la fede?"},"content":{"rendered":"<section class=\"wpb-content-wrapper\">[vc_row][vc_column]<div class=\"norebro-heading-sc heading text-left\"\n\tid=\"norebro-custom-69f5f0dd434dd\" \n\t \n\t>\n\t\n\t\n\t\n\t<h3 class=\"title\">\n\t\tCHI PUO' MISURARE LA FEDE?\t<\/h3>\n\n\t\t\t<div class=\"divider\"><\/div>\n\t\n\t\t\t<p class=\"subtitle\">\n\t\t\t16 Novembre 2024 \/\/ di don Egidio Todeschini\t\t<\/p>\n\t\t\n<\/div>[vc_empty_space height=&#8221;25px&#8221;]<div class=\"norebro-text-sc \" \n\tid=\"norebro-custom-69f5f0dd4364b\" \n\t \n\t>\n\n\t<p><em>Il Figlio dell\u2019uomo, quando verr\u00e0, trover\u00e0 ancora la fede sulla terra?\u201d<\/em> <em>(Lc 18,8).<\/em><\/p>\n<p>Ma chi pu\u00f2 misurare la fede? Solo la presunzione di un filosofo come Friedrich Nietzsche pu\u00f2 dichiarare con sicurezza che \u201c<em>Dio \u00e8 morto<\/em>\u201d. Per\u00f2 molti oggi sono convinti che la fede non abbia pi\u00f9 senso e ne dimostrano la scomparsa o almeno la forte crisi. La prova starebbe nelle statistiche dove si pretende di misurare la fede con le pratiche religiose: quante persone frequentano la messa domenicale, quanti matrimoni religiosi, quanti fanno battezzare i propri figli. Si fa inoltre notare che, tra i praticanti, pochi sono i giovani, pochi gli intellettuali, molti gli anziani, soprattutto donne.<\/p>\n<p>A confermare tale convinzione c\u2019\u00e8 la drastica diminuzione di sacerdoti un po\u2019 ovunque, che costringe a rivedere il servizio pastorale: parrocchie senza parroco, accorpate tra loro con un solo sacerdote, costretto a correre qua e l\u00e0 per messe e funerali, ridotto quasi a funzionario. Ci si chiede quanto potr\u00e0 durare ancora un servizio reso in queste condizioni. \u00c8 un dato di fatto che la pratica religiosa \u00e8 diminuita, resistono le feste di religiosit\u00e0 popolare, alcuni pellegrinaggi, la recita del rosario in privato o seguendo trasmissioni televisive.<\/p>\n<p>Ma la fede si deve davvero misurare in questo modo? Non ha detto Ges\u00f9 che <em>\u201cnon chi dice Signore, Signore, entrer\u00e0 nel regno dei cieli ma chi fa la volont\u00e0 del Padre\u201d (Mt 7,21)? <\/em>\u00a0Le pratiche sono dei mezzi, buoni e certamente necessari, ma sintonizzati sui tempi e sulle culture, quindi variabili nelle forme. La vera fede si misura sulla fedelt\u00e0 ai valori del Vangelo, praticati e insegnati da Ges\u00f9 stesso come l\u2019amore a Dio e al prossimo, il servizio e la condivisione, il perdono, la misericordia. Valori che non sono facilmente misurabili, n\u00e9 quantificabili in statistiche e percentuali, ma ben visibili ed evidenti nell\u2019onest\u00e0, la non violenza, la giustizia e la pace, concretamente vissuti da una persona nelle condizioni della propria vita.<\/p>\n<p>Predicare il regno di Dio, fare la volont\u00e0 del Padre sono espressioni che invitano ad assumere lo stile di vita di Ges\u00f9, compiendo le sue stesse opere, aiutando i pi\u00f9 bisognosi, incoraggiando, perdonando, diffondendo amore, carit\u00e0, piet\u00e0 e misericordia.<em> \u201cAmerai il Signore Dio tuo con tutto il tuo cuore. Questo \u00e8 il pi\u00f9 grande e il primo dei comandamenti. E il secondo \u00e8 simile al primo: amerai il prossimo tuo come te stesso\u201d (Mt 22,38).<\/em><\/p>\n<p>In aiuto a vivere i valori del Vangelo anche Ges\u00f9 aveva le sue pratiche religiose: si ritirava a pregare in solitudine, frequentava la sinagoga, dove si leggeva la Scrittura, tutto con grande libert\u00e0, sapendo che la fede \u00e8 nelle opere e negli atteggiamenti interiori, nei sentimenti profondi del cuore.<\/p>\n<p>Le pratiche religiose esteriori, nelle loro espressioni e forme, rispecchiano esigenze relative alla cultura dei tempi e dei luoghi, adattabili alle condizioni sociali, alla preparazione intellettuale, alla maturit\u00e0 umana. Perci\u00f2 possono variare, pur riconoscendone la sostanziale necessit\u00e0. Non bisogna certamente trascurare le pratiche esteriori perch\u00e9, se fatte bene, aiutano quelle interiori e ricordano alla persona, che agisce sempre per mezzo dei sensi, ci\u00f2 che sta facendo o ci\u00f2 che deve fare.<\/p>\n<p><em>\u201cCos\u00ec risplenda la vostra luce davanti agli uomini, perch\u00e9 vedano le vostre opere buone e rendano gloria al vostro Padre che \u00e8 nei cieli\u201d (Mt 5,16).<\/em><\/p>\n\t\n<\/div>[vc_empty_space height=&#8221;25px&#8221;][\/vc_column][\/vc_row]\n<\/section>","protected":false},"excerpt":{"rendered":"<p>[vc_row][vc_column][vc_empty_space height=&#8221;25px&#8221;][vc_empty_space height=&#8221;25px&#8221;][\/vc_column][\/vc_row]<\/p>\n","protected":false},"author":2,"featured_media":0,"comment_status":"closed","ping_status":"closed","sticky":false,"template":"","format":"standard","meta":{"footnotes":""},"categories":[128,132],"tags":[11,129,12,91,133,139],"class_list":["post-5662128","post","type-post","status-publish","format-standard","hentry","category-articoli-2024","category-la-nota","tag-articoli","tag-articoli-2024","tag-don-egidio","tag-fede","tag-la-nota","tag-nietzsche"],"_links":{"self":[{"href":"https:\/\/www.donegidio.it\/index.php\/wp-json\/wp\/v2\/posts\/5662128","targetHints":{"allow":["GET"]}}],"collection":[{"href":"https:\/\/www.donegidio.it\/index.php\/wp-json\/wp\/v2\/posts"}],"about":[{"href":"https:\/\/www.donegidio.it\/index.php\/wp-json\/wp\/v2\/types\/post"}],"author":[{"embeddable":true,"href":"https:\/\/www.donegidio.it\/index.php\/wp-json\/wp\/v2\/users\/2"}],"replies":[{"embeddable":true,"href":"https:\/\/www.donegidio.it\/index.php\/wp-json\/wp\/v2\/comments?post=5662128"}],"version-history":[{"count":1,"href":"https:\/\/www.donegidio.it\/index.php\/wp-json\/wp\/v2\/posts\/5662128\/revisions"}],"predecessor-version":[{"id":5662129,"href":"https:\/\/www.donegidio.it\/index.php\/wp-json\/wp\/v2\/posts\/5662128\/revisions\/5662129"}],"wp:attachment":[{"href":"https:\/\/www.donegidio.it\/index.php\/wp-json\/wp\/v2\/media?parent=5662128"}],"wp:term":[{"taxonomy":"category","embeddable":true,"href":"https:\/\/www.donegidio.it\/index.php\/wp-json\/wp\/v2\/categories?post=5662128"},{"taxonomy":"post_tag","embeddable":true,"href":"https:\/\/www.donegidio.it\/index.php\/wp-json\/wp\/v2\/tags?post=5662128"}],"curies":[{"name":"wp","href":"https:\/\/api.w.org\/{rel}","templated":true}]}}